{"id":8442,"date":"2026-09-02T19:14:10","date_gmt":"2026-09-02T17:14:10","guid":{"rendered":"https:\/\/darsa.pl\/www\/?p=8442"},"modified":"2026-09-02T19:14:10","modified_gmt":"2026-09-02T17:14:10","slug":"informacja-6","status":"publish","type":"post","link":"https:\/\/darsa.pl\/www\/2026\/09\/02\/informacja-6\/","title":{"rendered":"Informacja"},"content":{"rendered":"<div class=\"x_elementToProof\" data-olk-copy-source=\"MessageBody\">Uprzejmie informujemy, \u017ce w dniu<span>\u00a0<\/span><b>3 wrze\u015bnia 2026 r. (czwartek)<\/b><span>\u00a0<\/span>Dzia\u0142dowska Agencja Rozwoju S.A. b\u0119dzie czynna do godziny<span>\u00a0<\/span><b>13:00<\/b>, natomiast w dniu<span>\u00a0<\/span><b>4 wrze\u015bnia 2026 r. (pi\u0105tek)<\/b><span>\u00a0<\/span>nasze biuro b\u0119dzie<span>\u00a0<\/span><b>ca\u0142kowicie nieczynne<\/b>.<\/div>\n<div class=\"x_elementToProof\">Za wszelkie wynikaj\u0105ce z tego utrudnienia serdecznie przepraszamy i prosimy o uwzgl\u0119dnienie tych zmian przy planowaniu wizyt. Do Pa\u0144stwa dyspozycji wracamy w poniedzia\u0142ek,<span>\u00a0<\/span><b>7 wrze\u015bnia 2026 r.<\/b>, w standardowych godzinach pracy.<\/div>\n<div class=\"x_elementToProof\">Dzi\u0119kujemy za wyrozumia\u0142o\u015b\u0107 i \u017cyczymy udanego tygodnia! \ud83d\ude42<\/div>\n","protected":false},"excerpt":{"rendered":"<p>Uprzejmie informujemy, \u017ce w dniu\u00a03 wrze\u015bnia 2026 r. (czwartek)\u00a0Dzia\u0142dowska Agencja Rozwoju S.A. b\u0119dzie czynna do godziny\u00a013:00, natomiast w dniu\u00a04 wrze\u015bnia 2026 r. (pi\u0105tek)\u00a0nasze biuro b\u0119dzie\u00a0ca\u0142kowicie nieczynne. Za wszelkie wynikaj\u0105ce z tego utrudnienia serdecznie przepraszamy i prosimy o uwzgl\u0119dnienie tych zmian przy planowaniu wizyt. Do Pa\u0144stwa dyspozycji wracamy w poniedzia\u0142ek,\u00a07 wrze\u015bnia [&hellip;]<\/p>\n","protected":false},"author":2,"featured_media":0,"comment_status":"closed","ping_status":"open","sticky":false,"template":"","format":"standard","meta":{"footnotes":""},"categories":[1],"tags":[],"class_list":["post-8442","post","type-post","status-publish","format-standard","hentry","category-bez-kategorii"],"yoast_head":"<!-- This site is optimized with the Yoast SEO plugin v28.3 - https:\/\/yoast.com\/product\/yoast-seo-wordpress\/ -->\n<title>Informacja - Dzia\u0142dowska Agencja Rozwoju S.A.<\/title>\n<meta name=\"robots\" content=\"index, follow, max-snippet:-1, max-image-preview:large, max-video-preview:-1\" \/>\n<link rel=\"canonical\" href=\"https:\/\/darsa.pl\/www\/2026\/09\/02\/informacja-6\/\" \/>\n<meta property=\"og:locale\" content=\"pl_PL\" \/>\n<meta property=\"og:type\" content=\"article\" \/>\n<meta property=\"og:title\" content=\"Informacja - Dzia\u0142dowska Agencja Rozwoju S.A.\" \/>\n<meta property=\"og:description\" content=\"Uprzejmie informujemy, \u017ce w dniu\u00a03 wrze\u015bnia 2026 r. (czwartek)\u00a0Dzia\u0142dowska Agencja Rozwoju S.A. b\u0119dzie czynna do godziny\u00a013:00, natomiast w dniu\u00a04 wrze\u015bnia 2026 r. (pi\u0105tek)\u00a0nasze biuro b\u0119dzie\u00a0ca\u0142kowicie nieczynne. Za wszelkie wynikaj\u0105ce z tego utrudnienia serdecznie przepraszamy i prosimy o uwzgl\u0119dnienie tych zmian przy planowaniu wizyt. Do Pa\u0144stwa dyspozycji wracamy w poniedzia\u0142ek,\u00a07 wrze\u015bnia [&hellip;]\" \/>\n<meta property=\"og:url\" content=\"https:\/\/darsa.pl\/www\/2026\/09\/02\/informacja-6\/\" \/>\n<meta property=\"og:site_name\" content=\"Dzia\u0142dowska Agencja Rozwoju S.A.\" \/>\n<meta property=\"article:published_time\" content=\"2026-09-02T17:14:10+00:00\" \/>\n<meta property=\"og:image\" content=\"https:\/\/darsa.pl\/www\/wp-content\/uploads\/2020\/07\/og_img3.png\" \/>\n\t<meta property=\"og:image:width\" content=\"1200\" \/>\n\t<meta property=\"og:image:height\" content=\"630\" \/>\n\t<meta property=\"og:image:type\" content=\"image\/png\" \/>\n<meta name=\"author\" content=\"T N\" \/>\n<meta name=\"twitter:card\" content=\"summary_large_image\" \/>\n<meta name=\"twitter:label1\" content=\"Napisane przez\" \/>\n\t<meta name=\"twitter:data1\" content=\"T N\" \/>\n\t<meta name=\"twitter:label2\" content=\"Szacowany czas czytania\" \/>\n\t<meta name=\"twitter:data2\" content=\"1 minuta\" \/>\n<script type=\"application\/ld+json\" class=\"yoast-schema-graph\">{\"@context\":\"https:\\\/\\\/schema.org\",\"@graph\":[{\"@type\":\"Article\",\"@id\":\"https:\\\/\\\/darsa.pl\\\/www\\\/2026\\\/09\\\/02\\\/informacja-6\\\/#article\",\"isPartOf\":{\"@id\":\"https:\\\/\\\/darsa.pl\\\/www\\\/2026\\\/09\\\/02\\\/informacja-6\\\/\"},\"author\":{\"name\":\"T N\",\"@id\":\"https:\\\/\\\/darsa.pl\\\/www\\\/#\\\/schema\\\/person\\\/3939783f5db8dbd9175f92f4cb31eee6\"},\"headline\":\"Informacja\",\"datePublished\":\"2026-09-02T17:14:10+00:00\",\"mainEntityOfPage\":{\"@id\":\"https:\\\/\\\/darsa.pl\\\/www\\\/2026\\\/09\\\/02\\\/informacja-6\\\/\"},\"wordCount\":79,\"publisher\":{\"@id\":\"https:\\\/\\\/darsa.pl\\\/www\\\/#organization\"},\"articleSection\":[\"&nbsp;\"],\"inLanguage\":\"pl-PL\"},{\"@type\":\"WebPage\",\"@id\":\"https:\\\/\\\/darsa.pl\\\/www\\\/2026\\\/09\\\/02\\\/informacja-6\\\/\",\"url\":\"https:\\\/\\\/darsa.pl\\\/www\\\/2026\\\/09\\\/02\\\/informacja-6\\\/\",\"name\":\"Informacja - Dzia\u0142dowska Agencja Rozwoju S.A.\",\"isPartOf\":{\"@id\":\"https:\\\/\\\/darsa.pl\\\/www\\\/#website\"},\"datePublished\":\"2026-09-02T17:14:10+00:00\",\"breadcrumb\":{\"@id\":\"https:\\\/\\\/darsa.pl\\\/www\\\/2026\\\/09\\\/02\\\/informacja-6\\\/#breadcrumb\"},\"inLanguage\":\"pl-PL\",\"potentialAction\":[{\"@type\":\"ReadAction\",\"target\":[\"https:\\\/\\\/darsa.pl\\\/www\\\/2026\\\/09\\\/02\\\/informacja-6\\\/\"]}]},{\"@type\":\"BreadcrumbList\",\"@id\":\"https:\\\/\\\/darsa.pl\\\/www\\\/2026\\\/09\\\/02\\\/informacja-6\\\/#breadcrumb\",\"itemListElement\":[{\"@type\":\"ListItem\",\"position\":1,\"name\":\"Strona g\u0142\u00f3wna\",\"item\":\"https:\\\/\\\/darsa.pl\\\/www\\\/\"},{\"@type\":\"ListItem\",\"position\":2,\"name\":\"Informacja\"}]},{\"@type\":\"WebSite\",\"@id\":\"https:\\\/\\\/darsa.pl\\\/www\\\/#website\",\"url\":\"https:\\\/\\\/darsa.pl\\\/www\\\/\",\"name\":\"Dzia\u0142dowska Agencja Rozwoju S.A.\",\"description\":\"Wspieranie ma\u0142ych i \u015brednich przedsi\u0119biorstw, edukacja i szkolenia.\",\"publisher\":{\"@id\":\"https:\\\/\\\/darsa.pl\\\/www\\\/#organization\"},\"potentialAction\":[{\"@type\":\"SearchAction\",\"target\":{\"@type\":\"EntryPoint\",\"urlTemplate\":\"https:\\\/\\\/darsa.pl\\\/www\\\/?s={search_term_string}\"},\"query-input\":{\"@type\":\"PropertyValueSpecification\",\"valueRequired\":true,\"valueName\":\"search_term_string\"}}],\"inLanguage\":\"pl-PL\"},{\"@type\":\"Organization\",\"@id\":\"https:\\\/\\\/darsa.pl\\\/www\\\/#organization\",\"name\":\"Dzia\u0142dowska Agencja Rozwoju S.A.\",\"url\":\"https:\\\/\\\/darsa.pl\\\/www\\\/\",\"logo\":{\"@type\":\"ImageObject\",\"inLanguage\":\"pl-PL\",\"@id\":\"https:\\\/\\\/darsa.pl\\\/www\\\/#\\\/schema\\\/logo\\\/image\\\/\",\"url\":\"https:\\\/\\\/darsa.pl\\\/www\\\/wp-content\\\/uploads\\\/2020\\\/06\\\/logo_h200px.png\",\"contentUrl\":\"https:\\\/\\\/darsa.pl\\\/www\\\/wp-content\\\/uploads\\\/2020\\\/06\\\/logo_h200px.png\",\"width\":856,\"height\":200,\"caption\":\"Dzia\u0142dowska Agencja Rozwoju S.A.\"},\"image\":{\"@id\":\"https:\\\/\\\/darsa.pl\\\/www\\\/#\\\/schema\\\/logo\\\/image\\\/\"}},{\"@type\":\"Person\",\"@id\":\"https:\\\/\\\/darsa.pl\\\/www\\\/#\\\/schema\\\/person\\\/3939783f5db8dbd9175f92f4cb31eee6\",\"name\":\"T N\",\"image\":{\"@type\":\"ImageObject\",\"inLanguage\":\"pl-PL\",\"@id\":\"https:\\\/\\\/secure.gravatar.com\\\/avatar\\\/177baa6e12b9ccd06056a16680d4d176e32d8d338c4a48442b8d32e94d715626?s=96&d=mm&r=g\",\"url\":\"https:\\\/\\\/secure.gravatar.com\\\/avatar\\\/177baa6e12b9ccd06056a16680d4d176e32d8d338c4a48442b8d32e94d715626?s=96&d=mm&r=g\",\"contentUrl\":\"https:\\\/\\\/secure.gravatar.com\\\/avatar\\\/177baa6e12b9ccd06056a16680d4d176e32d8d338c4a48442b8d32e94d715626?s=96&d=mm&r=g\",\"caption\":\"T N\"},\"url\":\"https:\\\/\\\/darsa.pl\\\/www\\\/author\\\/t-nac\\\/\"}]}<\/script>\n<!-- \/ Yoast SEO plugin. -->","yoast_head_json":{"title":"Informacja - Dzia\u0142dowska Agencja Rozwoju S.A.","robots":{"index":"index","follow":"follow","max-snippet":"max-snippet:-1","max-image-preview":"max-image-preview:large","max-video-preview":"max-video-preview:-1"},"canonical":"https:\/\/darsa.pl\/www\/2026\/09\/02\/informacja-6\/","og_locale":"pl_PL","og_type":"article","og_title":"Informacja - Dzia\u0142dowska Agencja Rozwoju S.A.","og_description":"Uprzejmie informujemy, \u017ce w dniu\u00a03 wrze\u015bnia 2026 r. (czwartek)\u00a0Dzia\u0142dowska Agencja Rozwoju S.A. b\u0119dzie czynna do godziny\u00a013:00, natomiast w dniu\u00a04 wrze\u015bnia 2026 r. (pi\u0105tek)\u00a0nasze biuro b\u0119dzie\u00a0ca\u0142kowicie nieczynne. Za wszelkie wynikaj\u0105ce z tego utrudnienia serdecznie przepraszamy i prosimy o uwzgl\u0119dnienie tych zmian przy planowaniu wizyt. Do Pa\u0144stwa dyspozycji wracamy w poniedzia\u0142ek,\u00a07 wrze\u015bnia [&hellip;]","og_url":"https:\/\/darsa.pl\/www\/2026\/09\/02\/informacja-6\/","og_site_name":"Dzia\u0142dowska Agencja Rozwoju S.A.","article_published_time":"2026-09-02T17:14:10+00:00","og_image":[{"width":1200,"height":630,"url":"https:\/\/darsa.pl\/www\/wp-content\/uploads\/2020\/07\/og_img3.png","type":"image\/png"}],"author":"T N","twitter_card":"summary_large_image","twitter_misc":{"Napisane przez":"T N","Szacowany czas czytania":"1 minuta"},"schema":{"@context":"https:\/\/schema.org","@graph":[{"@type":"Article","@id":"https:\/\/darsa.pl\/www\/2026\/09\/02\/informacja-6\/#article","isPartOf":{"@id":"https:\/\/darsa.pl\/www\/2026\/09\/02\/informacja-6\/"},"author":{"name":"T N","@id":"https:\/\/darsa.pl\/www\/#\/schema\/person\/3939783f5db8dbd9175f92f4cb31eee6"},"headline":"Informacja","datePublished":"2026-09-02T17:14:10+00:00","mainEntityOfPage":{"@id":"https:\/\/darsa.pl\/www\/2026\/09\/02\/informacja-6\/"},"wordCount":79,"publisher":{"@id":"https:\/\/darsa.pl\/www\/#organization"},"articleSection":["&nbsp;"],"inLanguage":"pl-PL"},{"@type":"WebPage","@id":"https:\/\/darsa.pl\/www\/2026\/09\/02\/informacja-6\/","url":"https:\/\/darsa.pl\/www\/2026\/09\/02\/informacja-6\/","name":"Informacja - Dzia\u0142dowska Agencja Rozwoju S.A.","isPartOf":{"@id":"https:\/\/darsa.pl\/www\/#website"},"datePublished":"2026-09-02T17:14:10+00:00","breadcrumb":{"@id":"https:\/\/darsa.pl\/www\/2026\/09\/02\/informacja-6\/#breadcrumb"},"inLanguage":"pl-PL","potentialAction":[{"@type":"ReadAction","target":["https:\/\/darsa.pl\/www\/2026\/09\/02\/informacja-6\/"]}]},{"@type":"BreadcrumbList","@id":"https:\/\/darsa.pl\/www\/2026\/09\/02\/informacja-6\/#breadcrumb","itemListElement":[{"@type":"ListItem","position":1,"name":"Strona g\u0142\u00f3wna","item":"https:\/\/darsa.pl\/www\/"},{"@type":"ListItem","position":2,"name":"Informacja"}]},{"@type":"WebSite","@id":"https:\/\/darsa.pl\/www\/#website","url":"https:\/\/darsa.pl\/www\/","name":"Dzia\u0142dowska Agencja Rozwoju S.A.","description":"Wspieranie ma\u0142ych i \u015brednich przedsi\u0119biorstw, edukacja i szkolenia.","publisher":{"@id":"https:\/\/darsa.pl\/www\/#organization"},"potentialAction":[{"@type":"SearchAction","target":{"@type":"EntryPoint","urlTemplate":"https:\/\/darsa.pl\/www\/?s={search_term_string}"},"query-input":{"@type":"PropertyValueSpecification","valueRequired":true,"valueName":"search_term_string"}}],"inLanguage":"pl-PL"},{"@type":"Organization","@id":"https:\/\/darsa.pl\/www\/#organization","name":"Dzia\u0142dowska Agencja Rozwoju S.A.","url":"https:\/\/darsa.pl\/www\/","logo":{"@type":"ImageObject","inLanguage":"pl-PL","@id":"https:\/\/darsa.pl\/www\/#\/schema\/logo\/image\/","url":"https:\/\/darsa.pl\/www\/wp-content\/uploads\/2020\/06\/logo_h200px.png","contentUrl":"https:\/\/darsa.pl\/www\/wp-content\/uploads\/2020\/06\/logo_h200px.png","width":856,"height":200,"caption":"Dzia\u0142dowska Agencja Rozwoju S.A."},"image":{"@id":"https:\/\/darsa.pl\/www\/#\/schema\/logo\/image\/"}},{"@type":"Person","@id":"https:\/\/darsa.pl\/www\/#\/schema\/person\/3939783f5db8dbd9175f92f4cb31eee6","name":"T N","image":{"@type":"ImageObject","inLanguage":"pl-PL","@id":"https:\/\/secure.gravatar.com\/avatar\/177baa6e12b9ccd06056a16680d4d176e32d8d338c4a48442b8d32e94d715626?s=96&d=mm&r=g","url":"https:\/\/secure.gravatar.com\/avatar\/177baa6e12b9ccd06056a16680d4d176e32d8d338c4a48442b8d32e94d715626?s=96&d=mm&r=g","contentUrl":"https:\/\/secure.gravatar.com\/avatar\/177baa6e12b9ccd06056a16680d4d176e32d8d338c4a48442b8d32e94d715626?s=96&d=mm&r=g","caption":"T N"},"url":"https:\/\/darsa.pl\/www\/author\/t-nac\/"}]}},"_links":{"self":[{"href":"https:\/\/darsa.pl\/www\/wp-json\/wp\/v2\/posts\/8442","targetHints":{"allow":["GET"]}}],"collection":[{"href":"https:\/\/darsa.pl\/www\/wp-json\/wp\/v2\/posts"}],"about":[{"href":"https:\/\/darsa.pl\/www\/wp-json\/wp\/v2\/types\/post"}],"author":[{"embeddable":true,"href":"https:\/\/darsa.pl\/www\/wp-json\/wp\/v2\/users\/2"}],"replies":[{"embeddable":true,"href":"https:\/\/darsa.pl\/www\/wp-json\/wp\/v2\/comments?post=8442"}],"version-history":[{"count":1,"href":"https:\/\/darsa.pl\/www\/wp-json\/wp\/v2\/posts\/8442\/revisions"}],"predecessor-version":[{"id":8443,"href":"https:\/\/darsa.pl\/www\/wp-json\/wp\/v2\/posts\/8442\/revisions\/8443"}],"wp:attachment":[{"href":"https:\/\/darsa.pl\/www\/wp-json\/wp\/v2\/media?parent=8442"}],"wp:term":[{"taxonomy":"category","embeddable":true,"href":"https:\/\/darsa.pl\/www\/wp-json\/wp\/v2\/categories?post=8442"},{"taxonomy":"post_tag","embeddable":true,"href":"https:\/\/darsa.pl\/www\/wp-json\/wp\/v2\/tags?post=8442"}],"curies":[{"name":"wp","href":"https:\/\/api.w.org\/{rel}","templated":true}]}}