{"id":6547,"date":"2024-12-17T22:36:50","date_gmt":"2024-12-17T21:36:50","guid":{"rendered":"https:\/\/darsa.pl\/www\/?p=6547"},"modified":"2024-12-18T06:44:59","modified_gmt":"2024-12-18T05:44:59","slug":"pozyczka-dla-przedsiebiorstw-w-poczatkowej-fazie-rozwoju-z-umorzeniem-informacja-o-podpisaniu-umowy-operacyjnej-oraz-o-naborze-wnioskow-pozyczkowych","status":"publish","type":"post","link":"https:\/\/darsa.pl\/www\/2024\/12\/17\/pozyczka-dla-przedsiebiorstw-w-poczatkowej-fazie-rozwoju-z-umorzeniem-informacja-o-podpisaniu-umowy-operacyjnej-oraz-o-naborze-wnioskow-pozyczkowych\/","title":{"rendered":"\u201ePo\u017cyczka dla przedsi\u0119biorstw w pocz\u0105tkowej fazie rozwoju z umorzeniem\u201d  &#8211; informacja o podpisaniu Umowy Operacyjnej oraz o naborze wniosk\u00f3w po\u017cyczkowych"},"content":{"rendered":"\t\t<div data-elementor-type=\"wp-post\" data-elementor-id=\"6547\" class=\"elementor elementor-6547\">\n\t\t\t\t\t\t<section class=\"elementor-section elementor-top-section elementor-element elementor-element-f5aa93c elementor-section-boxed elementor-section-height-default elementor-section-height-default\" data-id=\"f5aa93c\" data-element_type=\"section\" data-e-type=\"section\">\n\t\t\t\t\t\t<div class=\"elementor-container elementor-column-gap-default\">\n\t\t\t\t\t<div class=\"elementor-column elementor-col-100 elementor-top-column elementor-element elementor-element-bd2190e\" data-id=\"bd2190e\" data-element_type=\"column\" data-e-type=\"column\">\n\t\t\t<div class=\"elementor-widget-wrap elementor-element-populated\">\n\t\t\t\t\t\t<div class=\"elementor-element elementor-element-1601434 elementor-widget elementor-widget-image\" data-id=\"1601434\" data-element_type=\"widget\" data-e-type=\"widget\" data-widget_type=\"image.default\">\n\t\t\t\t<div class=\"elementor-widget-container\">\n\t\t\t\t\t\t\t\t\t\t\t\t\t\t\t<img fetchpriority=\"high\" decoding=\"async\" width=\"750\" height=\"88\" src=\"https:\/\/darsa.pl\/www\/wp-content\/uploads\/2024\/11\/cyf_prz_z_um_wm_belka_poziom-1024x120.webp\" class=\"attachment-large size-large wp-image-6048\" alt=\"\" srcset=\"https:\/\/darsa.pl\/www\/wp-content\/uploads\/2024\/11\/cyf_prz_z_um_wm_belka_poziom-1024x120.webp 1024w, https:\/\/darsa.pl\/www\/wp-content\/uploads\/2024\/11\/cyf_prz_z_um_wm_belka_poziom-300x35.webp 300w, https:\/\/darsa.pl\/www\/wp-content\/uploads\/2024\/11\/cyf_prz_z_um_wm_belka_poziom-768x90.webp 768w, https:\/\/darsa.pl\/www\/wp-content\/uploads\/2024\/11\/cyf_prz_z_um_wm_belka_poziom-1536x180.webp 1536w, https:\/\/darsa.pl\/www\/wp-content\/uploads\/2024\/11\/cyf_prz_z_um_wm_belka_poziom.webp 1920w\" sizes=\"(max-width: 750px) 100vw, 750px\" \/>\t\t\t\t\t\t\t\t\t\t\t\t\t\t\t<\/div>\n\t\t\t\t<\/div>\n\t\t\t\t\t<\/div>\n\t\t<\/div>\n\t\t\t\t\t<\/div>\n\t\t<\/section>\n\t\t\t\t<section class=\"elementor-section elementor-top-section elementor-element elementor-element-43e706a elementor-section-boxed elementor-section-height-default elementor-section-height-default\" data-id=\"43e706a\" data-element_type=\"section\" data-e-type=\"section\">\n\t\t\t\t\t\t<div class=\"elementor-container elementor-column-gap-default\">\n\t\t\t\t\t<div class=\"elementor-column elementor-col-100 elementor-top-column elementor-element elementor-element-d598110\" data-id=\"d598110\" data-element_type=\"column\" data-e-type=\"column\">\n\t\t\t<div class=\"elementor-widget-wrap elementor-element-populated\">\n\t\t\t\t\t\t<div class=\"elementor-element elementor-element-046f56d elementor-widget elementor-widget-text-editor\" data-id=\"046f56d\" data-element_type=\"widget\" data-e-type=\"widget\" data-widget_type=\"text-editor.default\">\n\t\t\t\t<div class=\"elementor-widget-container\">\n\t\t\t\t\t\t\t\t\t<p><strong>Dzia\u0142dowska Agencja Rozwoju S.A.<\/strong>,\u00a0w ramach <strong>Konsorcjum<\/strong> instytucji wdra\u017caj\u0105cych Instrument Finansowy \u201e<span>Po\u017cyczka dla przedsi\u0119biorstw w pocz\u0105tkowej fazie rozwoju z umorzeniem<\/span>\u201d, w sk\u0142ad kt\u00f3rego wchodz\u0105:<\/p><ul><li>Dzia\u0142dowska Agencja Rozwoju S.A. &#8211; Lider Konsorcjum<\/li><li>Nidzicka Fundacja Rozwoju \u201eNIDA\u201d &#8211; Cz\u0142onek Konsorcjum<\/li><\/ul><p style=\"text-align: left;\">w dniu 25.11.2024 r. podpisa\u0142a z <strong>Bankiem Gospodarstwa Krajowego<\/strong> Umow\u0119 Operacyjn\u0105 nr <strong>2\/FEWM\/5024\/2024\/III\/EFRR\/123<\/strong>, na realizacj\u0119 Instrumentu Finansowego:<\/p><p style=\"text-align: center;\"><strong><em>\u201ePo\u017cyczka dla przedsi\u0119biorstw w pocz\u0105tkowej fazie rozwoju z umorzeniem\u201d.<\/em><\/strong><\/p><p><strong>Po\u017cyczki s\u0105 udzielane ze \u015brodk\u00f3w Funduszu Powierniczego w Programie Fundusze Europejskie dla Warmii i Mazur 2021-2027, Dzia\u0142anie 1.10 Rozw\u00f3j przedsi\u0119biorczo\u015bci.<\/strong><\/p><p><strong>Warto\u015b\u0107 projektu : 6\u00a0185\u00a0567,01 z\u0142<\/strong><\/p><p><strong>Wysoko\u015b\u0107 wk\u0142adu z Funduszy Europejskich: 4\u00a0980\u00a0000,00 z\u0142<\/strong><\/p><p><strong>Cel projektu:<\/strong> rozw\u00f3j innowacyjno\u015bci (tj. wdro\u017cenie innowacji przynajmniej na poziomie przedsi\u0119biorstwa) i podniesienie konkurencyjno\u015bci poprzez inwestycje rozwojowe.<\/p><p><a href=\"http:\/\/www.funduszeeuropejskie.gov.pl\/\" target=\"_blank\" rel=\"noopener\">#FunduszeEuropejskie<\/a><\/p><p style=\"text-align: center;\"><span style=\"color: #ff0000;\"><strong>Nab\u00f3r wniosk\u00f3w po\u017cyczkowych<\/strong><strong><span style=\"color: #ff0000;\"> rozpocznie si\u0119 <br \/><\/span><u><span style=\"color: #ff0000;\">od godziny 9.00 w dniu 25.12.2024 roku,<br \/><\/span><\/u><\/strong><\/span><\/p><p style=\"text-align: center;\">tryb naboru &#8211; otwarty i ci\u0105g\u0142y,<br \/>prowadzony co najmniej do czasu wyczerpania\u00a0\u015brodk\u00f3w przeznaczonych <br \/>na Jednostkowe Po\u017cyczki.<span style=\"color: #ff0000;\"><br \/><\/span><\/p><p>Dokumenty oraz niezb\u0119dne informacje dotycz\u0105ce udzielenia po\u017cyczki dost\u0119pne s\u0105 na stronach:<strong><\/strong><\/p><ul><li>Dzia\u0142dowska Agencja Rozwoju S.A.: www.darsa.pl. w zak\u0142adce <a href=\"https:\/\/darsa.pl\/www\/pozyczki\/pozyczka-dla-przedsiebiorstw-w-poczatkowej-fazie-rozwoju-z-umorzeniem\/\">PO\u017bYCZKI &gt; PO\u017bYCZKA POCZ\u0104TKOWA FAZA ROZWOJU<\/a><\/li><li>Nidzicka Fundacja Rozwoju \u201eNIDA\u201d: www.nida.pl, w zak\u0142adce: <a href=\"https:\/\/przedsiebiorczosc.nida.pl\/pozyczki\/pozyczka-dla-przedsiebiorstw-w-poczatkowej-fazie-rozwoju-z-umorzeniem\/\" target=\"_blank\" rel=\"noopener\">PO\u017bYCZKI &gt; PO\u017bYCZKA DLA PRZEDSI\u0118BIORSTW W\u00a0 POCZ\u0104TKOWEJ FAZIE ROZWOJU Z UMORZENIEM<\/a><\/li><\/ul><p>Wniosek o udzielenie po\u017cyczki wraz z za\u0142\u0105cznikami okre\u015blonymi przez Konsorcjum, <em>w Wykazie dokument\u00f3w, <\/em>nale\u017cy:<\/p><ul><li>z\u0142o\u017cy\u0107 w trybie stacjonarnym, tj. dor\u0119czy\u0107 w formie papierowej osobi\u015bcie, poczt\u0105 b\u0105d\u017a przesy\u0142k\u0105 kuriersk\u0105, do plac\u00f3wki\/oddzia\u0142u\/w dni robocze od poniedzia\u0142ku do pi\u0105tku (w godzinach 7.30 \u2013 15.30 Dzia\u0142dowska Agencja Rozwoju S.A., 8:00 \u2013 16:00 Nidzicka Fundacja Rozwoju \u201eNIDA\u201d).<\/li><\/ul><ol><li><strong><u>DZIA\u0141DOWSKA AGENCJA ROZWOJU S.A.<br \/><\/u><\/strong><strong>Fundusz Po\u017cyczkowy w Dzia\u0142dowie:<br \/><\/strong>ul. W\u0142. Jagie\u0142\u0142y 15, 13-200 Dzia\u0142dowo<br \/><strong>Punkt po\u017cyczkowy w Szczytnie:<br \/><\/strong>ul. B. Chrobrego 1, 12-100 Szczytno<br \/><strong>Punkt po\u017cyczkowy w W\u0119gorzewie:<br \/><\/strong>ul. Zamkowa 4, 11-600 W\u0119gorzewo<\/li><li><strong><u>NIDZICKA FUNDACJA ROZWOJU \u201eNIDA\u201d<br \/><\/u><\/strong><strong>Fundusz Po\u017cyczkowy w Nidzicy:<br \/><\/strong>ul. Rzemie\u015blnicza 3, 13-100 Nidzica<\/li><\/ol><ul><li>przes\u0142a\u0107 elektronicznie &#8211; dotyczy dokument\u00f3w podpisanych przy u\u017cyciu kwalifikowanego podpisu elektronicznego, na w\u0142a\u015bciwy adres email:<\/li><\/ul><ol><li><strong>Dzia\u0142dowska Agencja Rozwoju S.A. <\/strong>\u2013 <a href=\"mailto:pozyczki@darsa.pl\">pozyczki@darsa.pl<\/a><\/li><li><strong>Nidzicka Fundacja Rozwoju \u201eNIDA\u201d <\/strong>\u2013 <a href=\"mailto:m.kosinska@nida.pl\">kosinska@nida.pl<\/a><\/li><\/ol><p>Wnioskodawcy zobowi\u0105zani s\u0105 do\u00a0z\u0142o\u017cenia kompletnego, prawid\u0142owo wype\u0142nionego wniosku o\u00a0po\u017cyczk\u0119 wraz z wymaganymi za\u0142\u0105cznikami.<\/p><p>Wnioski nie spe\u0142niaj\u0105ce powy\u017cszych wymog\u00f3w i w przypadku istotnych brak\u00f3w nie b\u0119d\u0105 rejestrowane do czasu uzupe\u0142nienia dokumentacji.<\/p><p>Kompletne wnioski o udzielenie po\u017cyczki podlegaj\u0105 ocenie wed\u0142ug kolejno\u015bci wp\u0142ywu, z tym zastrze\u017ceniem, \u017ce na termin ko\u0144cowej oceny wniosku wp\u0142yw ma kompletno\u015b\u0107 z\u0142o\u017conej przez Wnioskodawc\u0119 dokumentacji. Oznacza to, \u017ce ocena wniosku niekompletnego z\u0142o\u017conego wcze\u015bniej, zostanie przeprowadzona po ocenie wniosku kompletnego z\u0142o\u017conego p\u00f3\u017aniej. W takiej te\u017c kolejno\u015bci b\u0119d\u0105 podejmowane przez Zarz\u0105d Agencji decyzje, w sprawie udzielenia b\u0105d\u017a odmowy udzielenia po\u017cyczki.<\/p><p>W przypadku wyczerpania \u015brodk\u00f3w w ramach Instrumentu Finansowego, kolejne wnioski nie b\u0119d\u0105 przyjmowane, a wnioski oczekuj\u0105ce w kolejce nie b\u0119d\u0105 poddawane ocenie, o czym Wnioskodawca zostanie poinformowany na pi\u015bmie.\u00a0<\/p><p>W przypadku zamkni\u0119cia naboru, Dzia\u0142dowska Agencja Rozwoju S.A. oraz Nidzicka Fundacja Rozwoju NIDA, zamieszcz\u0105 stosowne og\u0142oszenie na stronie internetowej projektu.<\/p>\t\t\t\t\t\t\t\t<\/div>\n\t\t\t\t<\/div>\n\t\t\t\t\t<\/div>\n\t\t<\/div>\n\t\t\t\t\t<\/div>\n\t\t<\/section>\n\t\t\t\t<\/div>\n\t\t","protected":false},"excerpt":{"rendered":"<p>Dzia\u0142dowska Agencja Rozwoju S.A.,\u00a0w ramach Konsorcjum instytucji wdra\u017caj\u0105cych Instrument Finansowy \u201ePo\u017cyczka dla przedsi\u0119biorstw w pocz\u0105tkowej fazie rozwoju z umorzeniem\u201d, w sk\u0142ad kt\u00f3rego wchodz\u0105: Dzia\u0142dowska Agencja Rozwoju S.A. &#8211; Lider Konsorcjum Nidzicka Fundacja Rozwoju \u201eNIDA\u201d &#8211; Cz\u0142onek Konsorcjum w dniu 25.11.2024 r. podpisa\u0142a z Bankiem Gospodarstwa Krajowego Umow\u0119 Operacyjn\u0105 nr 2\/FEWM\/5024\/2024\/III\/EFRR\/123, [&hellip;]<\/p>\n","protected":false},"author":2,"featured_media":0,"comment_status":"closed","ping_status":"open","sticky":false,"template":"","format":"standard","meta":{"footnotes":""},"categories":[1],"tags":[],"class_list":["post-6547","post","type-post","status-publish","format-standard","hentry","category-bez-kategorii"],"yoast_head":"<!-- This site is optimized with the Yoast SEO plugin v27.3 - https:\/\/yoast.com\/product\/yoast-seo-wordpress\/ -->\n<title>\u201ePo\u017cyczka dla przedsi\u0119biorstw w pocz\u0105tkowej fazie rozwoju z umorzeniem\u201d - informacja o podpisaniu Umowy Operacyjnej oraz o naborze wniosk\u00f3w po\u017cyczkowych - Dzia\u0142dowska Agencja Rozwoju S.A.<\/title>\n<meta name=\"robots\" content=\"index, follow, max-snippet:-1, max-image-preview:large, max-video-preview:-1\" \/>\n<link rel=\"canonical\" href=\"https:\/\/darsa.pl\/www\/2024\/12\/17\/pozyczka-dla-przedsiebiorstw-w-poczatkowej-fazie-rozwoju-z-umorzeniem-informacja-o-podpisaniu-umowy-operacyjnej-oraz-o-naborze-wnioskow-pozyczkowych\/\" \/>\n<meta property=\"og:locale\" content=\"pl_PL\" \/>\n<meta property=\"og:type\" content=\"article\" \/>\n<meta property=\"og:title\" content=\"\u201ePo\u017cyczka dla przedsi\u0119biorstw w pocz\u0105tkowej fazie rozwoju z umorzeniem\u201d - informacja o podpisaniu Umowy Operacyjnej oraz o naborze wniosk\u00f3w po\u017cyczkowych - Dzia\u0142dowska Agencja Rozwoju S.A.\" \/>\n<meta property=\"og:description\" content=\"Dzia\u0142dowska Agencja Rozwoju S.A.,\u00a0w ramach Konsorcjum instytucji wdra\u017caj\u0105cych Instrument Finansowy \u201ePo\u017cyczka dla przedsi\u0119biorstw w pocz\u0105tkowej fazie rozwoju z umorzeniem\u201d, w sk\u0142ad kt\u00f3rego wchodz\u0105: Dzia\u0142dowska Agencja Rozwoju S.A. &#8211; Lider Konsorcjum Nidzicka Fundacja Rozwoju \u201eNIDA\u201d &#8211; Cz\u0142onek Konsorcjum w dniu 25.11.2024 r. podpisa\u0142a z Bankiem Gospodarstwa Krajowego Umow\u0119 Operacyjn\u0105 nr 2\/FEWM\/5024\/2024\/III\/EFRR\/123, [&hellip;]\" \/>\n<meta property=\"og:url\" content=\"https:\/\/darsa.pl\/www\/2024\/12\/17\/pozyczka-dla-przedsiebiorstw-w-poczatkowej-fazie-rozwoju-z-umorzeniem-informacja-o-podpisaniu-umowy-operacyjnej-oraz-o-naborze-wnioskow-pozyczkowych\/\" \/>\n<meta property=\"og:site_name\" content=\"Dzia\u0142dowska Agencja Rozwoju S.A.\" \/>\n<meta property=\"article:published_time\" content=\"2024-12-17T21:36:50+00:00\" \/>\n<meta property=\"article:modified_time\" content=\"2024-12-18T05:44:59+00:00\" \/>\n<meta property=\"og:image\" content=\"https:\/\/darsa.pl\/www\/wp-content\/uploads\/2024\/11\/cyf_prz_z_um_wm_belka_poziom.webp\" \/>\n\t<meta property=\"og:image:width\" content=\"1920\" \/>\n\t<meta property=\"og:image:height\" content=\"225\" \/>\n\t<meta property=\"og:image:type\" content=\"image\/webp\" \/>\n<meta name=\"author\" content=\"T N\" \/>\n<meta name=\"twitter:card\" content=\"summary_large_image\" \/>\n<meta name=\"twitter:label1\" content=\"Napisane przez\" \/>\n\t<meta name=\"twitter:data1\" content=\"T N\" \/>\n\t<meta name=\"twitter:label2\" content=\"Szacowany czas czytania\" \/>\n\t<meta name=\"twitter:data2\" content=\"3 minuty\" \/>\n<script type=\"application\/ld+json\" class=\"yoast-schema-graph\">{\"@context\":\"https:\\\/\\\/schema.org\",\"@graph\":[{\"@type\":\"Article\",\"@id\":\"https:\\\/\\\/darsa.pl\\\/www\\\/2024\\\/12\\\/17\\\/pozyczka-dla-przedsiebiorstw-w-poczatkowej-fazie-rozwoju-z-umorzeniem-informacja-o-podpisaniu-umowy-operacyjnej-oraz-o-naborze-wnioskow-pozyczkowych\\\/#article\",\"isPartOf\":{\"@id\":\"https:\\\/\\\/darsa.pl\\\/www\\\/2024\\\/12\\\/17\\\/pozyczka-dla-przedsiebiorstw-w-poczatkowej-fazie-rozwoju-z-umorzeniem-informacja-o-podpisaniu-umowy-operacyjnej-oraz-o-naborze-wnioskow-pozyczkowych\\\/\"},\"author\":{\"name\":\"T N\",\"@id\":\"https:\\\/\\\/darsa.pl\\\/www\\\/#\\\/schema\\\/person\\\/3939783f5db8dbd9175f92f4cb31eee6\"},\"headline\":\"\u201ePo\u017cyczka dla przedsi\u0119biorstw w pocz\u0105tkowej fazie rozwoju z umorzeniem\u201d &#8211; informacja o podpisaniu Umowy Operacyjnej oraz o naborze wniosk\u00f3w po\u017cyczkowych\",\"datePublished\":\"2024-12-17T21:36:50+00:00\",\"dateModified\":\"2024-12-18T05:44:59+00:00\",\"mainEntityOfPage\":{\"@id\":\"https:\\\/\\\/darsa.pl\\\/www\\\/2024\\\/12\\\/17\\\/pozyczka-dla-przedsiebiorstw-w-poczatkowej-fazie-rozwoju-z-umorzeniem-informacja-o-podpisaniu-umowy-operacyjnej-oraz-o-naborze-wnioskow-pozyczkowych\\\/\"},\"wordCount\":597,\"publisher\":{\"@id\":\"https:\\\/\\\/darsa.pl\\\/www\\\/#organization\"},\"image\":{\"@id\":\"https:\\\/\\\/darsa.pl\\\/www\\\/2024\\\/12\\\/17\\\/pozyczka-dla-przedsiebiorstw-w-poczatkowej-fazie-rozwoju-z-umorzeniem-informacja-o-podpisaniu-umowy-operacyjnej-oraz-o-naborze-wnioskow-pozyczkowych\\\/#primaryimage\"},\"thumbnailUrl\":\"https:\\\/\\\/darsa.pl\\\/www\\\/wp-content\\\/uploads\\\/2024\\\/11\\\/cyf_prz_z_um_wm_belka_poziom-1024x120.webp\",\"articleSection\":[\"&nbsp;\"],\"inLanguage\":\"pl-PL\"},{\"@type\":\"WebPage\",\"@id\":\"https:\\\/\\\/darsa.pl\\\/www\\\/2024\\\/12\\\/17\\\/pozyczka-dla-przedsiebiorstw-w-poczatkowej-fazie-rozwoju-z-umorzeniem-informacja-o-podpisaniu-umowy-operacyjnej-oraz-o-naborze-wnioskow-pozyczkowych\\\/\",\"url\":\"https:\\\/\\\/darsa.pl\\\/www\\\/2024\\\/12\\\/17\\\/pozyczka-dla-przedsiebiorstw-w-poczatkowej-fazie-rozwoju-z-umorzeniem-informacja-o-podpisaniu-umowy-operacyjnej-oraz-o-naborze-wnioskow-pozyczkowych\\\/\",\"name\":\"\u201ePo\u017cyczka dla przedsi\u0119biorstw w pocz\u0105tkowej fazie rozwoju z umorzeniem\u201d - informacja o podpisaniu Umowy Operacyjnej oraz o naborze wniosk\u00f3w po\u017cyczkowych - Dzia\u0142dowska Agencja Rozwoju S.A.\",\"isPartOf\":{\"@id\":\"https:\\\/\\\/darsa.pl\\\/www\\\/#website\"},\"primaryImageOfPage\":{\"@id\":\"https:\\\/\\\/darsa.pl\\\/www\\\/2024\\\/12\\\/17\\\/pozyczka-dla-przedsiebiorstw-w-poczatkowej-fazie-rozwoju-z-umorzeniem-informacja-o-podpisaniu-umowy-operacyjnej-oraz-o-naborze-wnioskow-pozyczkowych\\\/#primaryimage\"},\"image\":{\"@id\":\"https:\\\/\\\/darsa.pl\\\/www\\\/2024\\\/12\\\/17\\\/pozyczka-dla-przedsiebiorstw-w-poczatkowej-fazie-rozwoju-z-umorzeniem-informacja-o-podpisaniu-umowy-operacyjnej-oraz-o-naborze-wnioskow-pozyczkowych\\\/#primaryimage\"},\"thumbnailUrl\":\"https:\\\/\\\/darsa.pl\\\/www\\\/wp-content\\\/uploads\\\/2024\\\/11\\\/cyf_prz_z_um_wm_belka_poziom-1024x120.webp\",\"datePublished\":\"2024-12-17T21:36:50+00:00\",\"dateModified\":\"2024-12-18T05:44:59+00:00\",\"breadcrumb\":{\"@id\":\"https:\\\/\\\/darsa.pl\\\/www\\\/2024\\\/12\\\/17\\\/pozyczka-dla-przedsiebiorstw-w-poczatkowej-fazie-rozwoju-z-umorzeniem-informacja-o-podpisaniu-umowy-operacyjnej-oraz-o-naborze-wnioskow-pozyczkowych\\\/#breadcrumb\"},\"inLanguage\":\"pl-PL\",\"potentialAction\":[{\"@type\":\"ReadAction\",\"target\":[\"https:\\\/\\\/darsa.pl\\\/www\\\/2024\\\/12\\\/17\\\/pozyczka-dla-przedsiebiorstw-w-poczatkowej-fazie-rozwoju-z-umorzeniem-informacja-o-podpisaniu-umowy-operacyjnej-oraz-o-naborze-wnioskow-pozyczkowych\\\/\"]}]},{\"@type\":\"ImageObject\",\"inLanguage\":\"pl-PL\",\"@id\":\"https:\\\/\\\/darsa.pl\\\/www\\\/2024\\\/12\\\/17\\\/pozyczka-dla-przedsiebiorstw-w-poczatkowej-fazie-rozwoju-z-umorzeniem-informacja-o-podpisaniu-umowy-operacyjnej-oraz-o-naborze-wnioskow-pozyczkowych\\\/#primaryimage\",\"url\":\"https:\\\/\\\/darsa.pl\\\/www\\\/wp-content\\\/uploads\\\/2024\\\/11\\\/cyf_prz_z_um_wm_belka_poziom.webp\",\"contentUrl\":\"https:\\\/\\\/darsa.pl\\\/www\\\/wp-content\\\/uploads\\\/2024\\\/11\\\/cyf_prz_z_um_wm_belka_poziom.webp\",\"width\":1920,\"height\":225},{\"@type\":\"BreadcrumbList\",\"@id\":\"https:\\\/\\\/darsa.pl\\\/www\\\/2024\\\/12\\\/17\\\/pozyczka-dla-przedsiebiorstw-w-poczatkowej-fazie-rozwoju-z-umorzeniem-informacja-o-podpisaniu-umowy-operacyjnej-oraz-o-naborze-wnioskow-pozyczkowych\\\/#breadcrumb\",\"itemListElement\":[{\"@type\":\"ListItem\",\"position\":1,\"name\":\"Strona g\u0142\u00f3wna\",\"item\":\"https:\\\/\\\/darsa.pl\\\/www\\\/\"},{\"@type\":\"ListItem\",\"position\":2,\"name\":\"\u201ePo\u017cyczka dla przedsi\u0119biorstw w pocz\u0105tkowej fazie rozwoju z umorzeniem\u201d &#8211; informacja o podpisaniu Umowy Operacyjnej oraz o naborze wniosk\u00f3w po\u017cyczkowych\"}]},{\"@type\":\"WebSite\",\"@id\":\"https:\\\/\\\/darsa.pl\\\/www\\\/#website\",\"url\":\"https:\\\/\\\/darsa.pl\\\/www\\\/\",\"name\":\"Dzia\u0142dowska Agencja Rozwoju S.A.\",\"description\":\"Wspieranie ma\u0142ych i \u015brednich przedsi\u0119biorstw, edukacja i szkolenia.\",\"publisher\":{\"@id\":\"https:\\\/\\\/darsa.pl\\\/www\\\/#organization\"},\"potentialAction\":[{\"@type\":\"SearchAction\",\"target\":{\"@type\":\"EntryPoint\",\"urlTemplate\":\"https:\\\/\\\/darsa.pl\\\/www\\\/?s={search_term_string}\"},\"query-input\":{\"@type\":\"PropertyValueSpecification\",\"valueRequired\":true,\"valueName\":\"search_term_string\"}}],\"inLanguage\":\"pl-PL\"},{\"@type\":\"Organization\",\"@id\":\"https:\\\/\\\/darsa.pl\\\/www\\\/#organization\",\"name\":\"Dzia\u0142dowska Agencja Rozwoju S.A.\",\"url\":\"https:\\\/\\\/darsa.pl\\\/www\\\/\",\"logo\":{\"@type\":\"ImageObject\",\"inLanguage\":\"pl-PL\",\"@id\":\"https:\\\/\\\/darsa.pl\\\/www\\\/#\\\/schema\\\/logo\\\/image\\\/\",\"url\":\"https:\\\/\\\/darsa.pl\\\/www\\\/wp-content\\\/uploads\\\/2020\\\/06\\\/logo_h200px.png\",\"contentUrl\":\"https:\\\/\\\/darsa.pl\\\/www\\\/wp-content\\\/uploads\\\/2020\\\/06\\\/logo_h200px.png\",\"width\":856,\"height\":200,\"caption\":\"Dzia\u0142dowska Agencja Rozwoju S.A.\"},\"image\":{\"@id\":\"https:\\\/\\\/darsa.pl\\\/www\\\/#\\\/schema\\\/logo\\\/image\\\/\"}},{\"@type\":\"Person\",\"@id\":\"https:\\\/\\\/darsa.pl\\\/www\\\/#\\\/schema\\\/person\\\/3939783f5db8dbd9175f92f4cb31eee6\",\"name\":\"T N\",\"image\":{\"@type\":\"ImageObject\",\"inLanguage\":\"pl-PL\",\"@id\":\"https:\\\/\\\/secure.gravatar.com\\\/avatar\\\/177baa6e12b9ccd06056a16680d4d176e32d8d338c4a48442b8d32e94d715626?s=96&d=mm&r=g\",\"url\":\"https:\\\/\\\/secure.gravatar.com\\\/avatar\\\/177baa6e12b9ccd06056a16680d4d176e32d8d338c4a48442b8d32e94d715626?s=96&d=mm&r=g\",\"contentUrl\":\"https:\\\/\\\/secure.gravatar.com\\\/avatar\\\/177baa6e12b9ccd06056a16680d4d176e32d8d338c4a48442b8d32e94d715626?s=96&d=mm&r=g\",\"caption\":\"T N\"},\"url\":\"https:\\\/\\\/darsa.pl\\\/www\\\/author\\\/t-nac\\\/\"}]}<\/script>\n<!-- \/ Yoast SEO plugin. -->","yoast_head_json":{"title":"\u201ePo\u017cyczka dla przedsi\u0119biorstw w pocz\u0105tkowej fazie rozwoju z umorzeniem\u201d - informacja o podpisaniu Umowy Operacyjnej oraz o naborze wniosk\u00f3w po\u017cyczkowych - Dzia\u0142dowska Agencja Rozwoju S.A.","robots":{"index":"index","follow":"follow","max-snippet":"max-snippet:-1","max-image-preview":"max-image-preview:large","max-video-preview":"max-video-preview:-1"},"canonical":"https:\/\/darsa.pl\/www\/2024\/12\/17\/pozyczka-dla-przedsiebiorstw-w-poczatkowej-fazie-rozwoju-z-umorzeniem-informacja-o-podpisaniu-umowy-operacyjnej-oraz-o-naborze-wnioskow-pozyczkowych\/","og_locale":"pl_PL","og_type":"article","og_title":"\u201ePo\u017cyczka dla przedsi\u0119biorstw w pocz\u0105tkowej fazie rozwoju z umorzeniem\u201d - informacja o podpisaniu Umowy Operacyjnej oraz o naborze wniosk\u00f3w po\u017cyczkowych - Dzia\u0142dowska Agencja Rozwoju S.A.","og_description":"Dzia\u0142dowska Agencja Rozwoju S.A.,\u00a0w ramach Konsorcjum instytucji wdra\u017caj\u0105cych Instrument Finansowy \u201ePo\u017cyczka dla przedsi\u0119biorstw w pocz\u0105tkowej fazie rozwoju z umorzeniem\u201d, w sk\u0142ad kt\u00f3rego wchodz\u0105: Dzia\u0142dowska Agencja Rozwoju S.A. &#8211; Lider Konsorcjum Nidzicka Fundacja Rozwoju \u201eNIDA\u201d &#8211; Cz\u0142onek Konsorcjum w dniu 25.11.2024 r. podpisa\u0142a z Bankiem Gospodarstwa Krajowego Umow\u0119 Operacyjn\u0105 nr 2\/FEWM\/5024\/2024\/III\/EFRR\/123, [&hellip;]","og_url":"https:\/\/darsa.pl\/www\/2024\/12\/17\/pozyczka-dla-przedsiebiorstw-w-poczatkowej-fazie-rozwoju-z-umorzeniem-informacja-o-podpisaniu-umowy-operacyjnej-oraz-o-naborze-wnioskow-pozyczkowych\/","og_site_name":"Dzia\u0142dowska Agencja Rozwoju S.A.","article_published_time":"2024-12-17T21:36:50+00:00","article_modified_time":"2024-12-18T05:44:59+00:00","og_image":[{"width":1920,"height":225,"url":"https:\/\/darsa.pl\/www\/wp-content\/uploads\/2024\/11\/cyf_prz_z_um_wm_belka_poziom.webp","type":"image\/webp"}],"author":"T N","twitter_card":"summary_large_image","twitter_misc":{"Napisane przez":"T N","Szacowany czas czytania":"3 minuty"},"schema":{"@context":"https:\/\/schema.org","@graph":[{"@type":"Article","@id":"https:\/\/darsa.pl\/www\/2024\/12\/17\/pozyczka-dla-przedsiebiorstw-w-poczatkowej-fazie-rozwoju-z-umorzeniem-informacja-o-podpisaniu-umowy-operacyjnej-oraz-o-naborze-wnioskow-pozyczkowych\/#article","isPartOf":{"@id":"https:\/\/darsa.pl\/www\/2024\/12\/17\/pozyczka-dla-przedsiebiorstw-w-poczatkowej-fazie-rozwoju-z-umorzeniem-informacja-o-podpisaniu-umowy-operacyjnej-oraz-o-naborze-wnioskow-pozyczkowych\/"},"author":{"name":"T N","@id":"https:\/\/darsa.pl\/www\/#\/schema\/person\/3939783f5db8dbd9175f92f4cb31eee6"},"headline":"\u201ePo\u017cyczka dla przedsi\u0119biorstw w pocz\u0105tkowej fazie rozwoju z umorzeniem\u201d &#8211; informacja o podpisaniu Umowy Operacyjnej oraz o naborze wniosk\u00f3w po\u017cyczkowych","datePublished":"2024-12-17T21:36:50+00:00","dateModified":"2024-12-18T05:44:59+00:00","mainEntityOfPage":{"@id":"https:\/\/darsa.pl\/www\/2024\/12\/17\/pozyczka-dla-przedsiebiorstw-w-poczatkowej-fazie-rozwoju-z-umorzeniem-informacja-o-podpisaniu-umowy-operacyjnej-oraz-o-naborze-wnioskow-pozyczkowych\/"},"wordCount":597,"publisher":{"@id":"https:\/\/darsa.pl\/www\/#organization"},"image":{"@id":"https:\/\/darsa.pl\/www\/2024\/12\/17\/pozyczka-dla-przedsiebiorstw-w-poczatkowej-fazie-rozwoju-z-umorzeniem-informacja-o-podpisaniu-umowy-operacyjnej-oraz-o-naborze-wnioskow-pozyczkowych\/#primaryimage"},"thumbnailUrl":"https:\/\/darsa.pl\/www\/wp-content\/uploads\/2024\/11\/cyf_prz_z_um_wm_belka_poziom-1024x120.webp","articleSection":["&nbsp;"],"inLanguage":"pl-PL"},{"@type":"WebPage","@id":"https:\/\/darsa.pl\/www\/2024\/12\/17\/pozyczka-dla-przedsiebiorstw-w-poczatkowej-fazie-rozwoju-z-umorzeniem-informacja-o-podpisaniu-umowy-operacyjnej-oraz-o-naborze-wnioskow-pozyczkowych\/","url":"https:\/\/darsa.pl\/www\/2024\/12\/17\/pozyczka-dla-przedsiebiorstw-w-poczatkowej-fazie-rozwoju-z-umorzeniem-informacja-o-podpisaniu-umowy-operacyjnej-oraz-o-naborze-wnioskow-pozyczkowych\/","name":"\u201ePo\u017cyczka dla przedsi\u0119biorstw w pocz\u0105tkowej fazie rozwoju z umorzeniem\u201d - informacja o podpisaniu Umowy Operacyjnej oraz o naborze wniosk\u00f3w po\u017cyczkowych - Dzia\u0142dowska Agencja Rozwoju S.A.","isPartOf":{"@id":"https:\/\/darsa.pl\/www\/#website"},"primaryImageOfPage":{"@id":"https:\/\/darsa.pl\/www\/2024\/12\/17\/pozyczka-dla-przedsiebiorstw-w-poczatkowej-fazie-rozwoju-z-umorzeniem-informacja-o-podpisaniu-umowy-operacyjnej-oraz-o-naborze-wnioskow-pozyczkowych\/#primaryimage"},"image":{"@id":"https:\/\/darsa.pl\/www\/2024\/12\/17\/pozyczka-dla-przedsiebiorstw-w-poczatkowej-fazie-rozwoju-z-umorzeniem-informacja-o-podpisaniu-umowy-operacyjnej-oraz-o-naborze-wnioskow-pozyczkowych\/#primaryimage"},"thumbnailUrl":"https:\/\/darsa.pl\/www\/wp-content\/uploads\/2024\/11\/cyf_prz_z_um_wm_belka_poziom-1024x120.webp","datePublished":"2024-12-17T21:36:50+00:00","dateModified":"2024-12-18T05:44:59+00:00","breadcrumb":{"@id":"https:\/\/darsa.pl\/www\/2024\/12\/17\/pozyczka-dla-przedsiebiorstw-w-poczatkowej-fazie-rozwoju-z-umorzeniem-informacja-o-podpisaniu-umowy-operacyjnej-oraz-o-naborze-wnioskow-pozyczkowych\/#breadcrumb"},"inLanguage":"pl-PL","potentialAction":[{"@type":"ReadAction","target":["https:\/\/darsa.pl\/www\/2024\/12\/17\/pozyczka-dla-przedsiebiorstw-w-poczatkowej-fazie-rozwoju-z-umorzeniem-informacja-o-podpisaniu-umowy-operacyjnej-oraz-o-naborze-wnioskow-pozyczkowych\/"]}]},{"@type":"ImageObject","inLanguage":"pl-PL","@id":"https:\/\/darsa.pl\/www\/2024\/12\/17\/pozyczka-dla-przedsiebiorstw-w-poczatkowej-fazie-rozwoju-z-umorzeniem-informacja-o-podpisaniu-umowy-operacyjnej-oraz-o-naborze-wnioskow-pozyczkowych\/#primaryimage","url":"https:\/\/darsa.pl\/www\/wp-content\/uploads\/2024\/11\/cyf_prz_z_um_wm_belka_poziom.webp","contentUrl":"https:\/\/darsa.pl\/www\/wp-content\/uploads\/2024\/11\/cyf_prz_z_um_wm_belka_poziom.webp","width":1920,"height":225},{"@type":"BreadcrumbList","@id":"https:\/\/darsa.pl\/www\/2024\/12\/17\/pozyczka-dla-przedsiebiorstw-w-poczatkowej-fazie-rozwoju-z-umorzeniem-informacja-o-podpisaniu-umowy-operacyjnej-oraz-o-naborze-wnioskow-pozyczkowych\/#breadcrumb","itemListElement":[{"@type":"ListItem","position":1,"name":"Strona g\u0142\u00f3wna","item":"https:\/\/darsa.pl\/www\/"},{"@type":"ListItem","position":2,"name":"\u201ePo\u017cyczka dla przedsi\u0119biorstw w pocz\u0105tkowej fazie rozwoju z umorzeniem\u201d &#8211; informacja o podpisaniu Umowy Operacyjnej oraz o naborze wniosk\u00f3w po\u017cyczkowych"}]},{"@type":"WebSite","@id":"https:\/\/darsa.pl\/www\/#website","url":"https:\/\/darsa.pl\/www\/","name":"Dzia\u0142dowska Agencja Rozwoju S.A.","description":"Wspieranie ma\u0142ych i \u015brednich przedsi\u0119biorstw, edukacja i szkolenia.","publisher":{"@id":"https:\/\/darsa.pl\/www\/#organization"},"potentialAction":[{"@type":"SearchAction","target":{"@type":"EntryPoint","urlTemplate":"https:\/\/darsa.pl\/www\/?s={search_term_string}"},"query-input":{"@type":"PropertyValueSpecification","valueRequired":true,"valueName":"search_term_string"}}],"inLanguage":"pl-PL"},{"@type":"Organization","@id":"https:\/\/darsa.pl\/www\/#organization","name":"Dzia\u0142dowska Agencja Rozwoju S.A.","url":"https:\/\/darsa.pl\/www\/","logo":{"@type":"ImageObject","inLanguage":"pl-PL","@id":"https:\/\/darsa.pl\/www\/#\/schema\/logo\/image\/","url":"https:\/\/darsa.pl\/www\/wp-content\/uploads\/2020\/06\/logo_h200px.png","contentUrl":"https:\/\/darsa.pl\/www\/wp-content\/uploads\/2020\/06\/logo_h200px.png","width":856,"height":200,"caption":"Dzia\u0142dowska Agencja Rozwoju S.A."},"image":{"@id":"https:\/\/darsa.pl\/www\/#\/schema\/logo\/image\/"}},{"@type":"Person","@id":"https:\/\/darsa.pl\/www\/#\/schema\/person\/3939783f5db8dbd9175f92f4cb31eee6","name":"T N","image":{"@type":"ImageObject","inLanguage":"pl-PL","@id":"https:\/\/secure.gravatar.com\/avatar\/177baa6e12b9ccd06056a16680d4d176e32d8d338c4a48442b8d32e94d715626?s=96&d=mm&r=g","url":"https:\/\/secure.gravatar.com\/avatar\/177baa6e12b9ccd06056a16680d4d176e32d8d338c4a48442b8d32e94d715626?s=96&d=mm&r=g","contentUrl":"https:\/\/secure.gravatar.com\/avatar\/177baa6e12b9ccd06056a16680d4d176e32d8d338c4a48442b8d32e94d715626?s=96&d=mm&r=g","caption":"T N"},"url":"https:\/\/darsa.pl\/www\/author\/t-nac\/"}]}},"_links":{"self":[{"href":"https:\/\/darsa.pl\/www\/wp-json\/wp\/v2\/posts\/6547","targetHints":{"allow":["GET"]}}],"collection":[{"href":"https:\/\/darsa.pl\/www\/wp-json\/wp\/v2\/posts"}],"about":[{"href":"https:\/\/darsa.pl\/www\/wp-json\/wp\/v2\/types\/post"}],"author":[{"embeddable":true,"href":"https:\/\/darsa.pl\/www\/wp-json\/wp\/v2\/users\/2"}],"replies":[{"embeddable":true,"href":"https:\/\/darsa.pl\/www\/wp-json\/wp\/v2\/comments?post=6547"}],"version-history":[{"count":25,"href":"https:\/\/darsa.pl\/www\/wp-json\/wp\/v2\/posts\/6547\/revisions"}],"predecessor-version":[{"id":6574,"href":"https:\/\/darsa.pl\/www\/wp-json\/wp\/v2\/posts\/6547\/revisions\/6574"}],"wp:attachment":[{"href":"https:\/\/darsa.pl\/www\/wp-json\/wp\/v2\/media?parent=6547"}],"wp:term":[{"taxonomy":"category","embeddable":true,"href":"https:\/\/darsa.pl\/www\/wp-json\/wp\/v2\/categories?post=6547"},{"taxonomy":"post_tag","embeddable":true,"href":"https:\/\/darsa.pl\/www\/wp-json\/wp\/v2\/tags?post=6547"}],"curies":[{"name":"wp","href":"https:\/\/api.w.org\/{rel}","templated":true}]}}