{"id":5900,"date":"2024-07-08T08:39:34","date_gmt":"2024-07-08T06:39:34","guid":{"rendered":"https:\/\/darsa.pl\/www\/?p=5900"},"modified":"2024-07-08T08:40:49","modified_gmt":"2024-07-08T06:40:49","slug":"zaproszenie-na-konferencje-i-spotkania-biznesowe-w-olsztynie-kraje-dachl-skandynawia","status":"publish","type":"post","link":"https:\/\/darsa.pl\/www\/2024\/07\/08\/zaproszenie-na-konferencje-i-spotkania-biznesowe-w-olsztynie-kraje-dachl-skandynawia\/","title":{"rendered":"Zaproszenie na konferencje i spotkania biznesowe w Olsztynie: kraje DACHL &#038; Skandynawia"},"content":{"rendered":"\t\t<div data-elementor-type=\"wp-post\" data-elementor-id=\"5900\" class=\"elementor elementor-5900\">\n\t\t\t\t\t\t<section class=\"elementor-section elementor-top-section elementor-element elementor-element-292f2e0 elementor-section-boxed elementor-section-height-default elementor-section-height-default\" data-id=\"292f2e0\" data-element_type=\"section\" data-e-type=\"section\">\n\t\t\t\t\t\t<div class=\"elementor-container elementor-column-gap-default\">\n\t\t\t\t\t<div class=\"elementor-column elementor-col-100 elementor-top-column elementor-element elementor-element-57b8fab\" data-id=\"57b8fab\" data-element_type=\"column\" data-e-type=\"column\">\n\t\t\t<div class=\"elementor-widget-wrap elementor-element-populated\">\n\t\t\t\t\t\t<div class=\"elementor-element elementor-element-85bec9a elementor-widget elementor-widget-text-editor\" data-id=\"85bec9a\" data-element_type=\"widget\" data-e-type=\"widget\" data-widget_type=\"text-editor.default\">\n\t\t\t\t<div class=\"elementor-widget-container\">\n\t\t\t\t\t\t\t\t\t<p><span>O\u015brodek Enterprise Europe Network dzia\u0142aj\u0105cy przy Centrum Wsp\u00f3\u0142pracy z Otoczeniem Spo\u0142eczno-Gospodarczym UWM w Olsztynie serdecznie zaprasza do udzia\u0142u w dw\u00f3ch mi\u0119dzynarodowych wydarzeniach:<\/span><\/p><ol start=\"1\" type=\"1\"><li><b><span>18 wrze\u015bnia 2024<\/span><\/b><span>\u00a0w Hotelu Omega w Olsztynie:\u00a0<b>Konferencja i spotkania biznesowe<\/b>\u00a0<b>Open to DACHL countries<\/b>, z przedstawicielami firm z\u00a0<b>Niemiec, Austrii, Szwajcarii<\/b><\/span><\/li><li><b><span>10 pa\u017adziernika 2024<\/span><\/b><span>\u00a0w Hotelu Wile\u0144skim w Olsztynie:\u00a0<b>Konferencja i spotkania biznesowe<\/b>\u00a0<b>Open to Scandinavia<\/b>, z przedstawicielami firm z\u00a0<b>Danii,<\/b>\u00a0<b>Szwecji, Finlandii<\/b><\/span><\/li><\/ol><p><span>Wydarzenia skierowane s\u0105 do\u00a0<b>firm z Warmii i Mazur<\/b>\u00a0i stanowi\u0105 doskona\u0142\u0105 okazj\u0119 do nawi\u0105zania mi\u0119dzynarodowych partnerstw i wymiany do\u015bwiadcze\u0144! Rozmowy b2b organizuje o\u015brodek Enterprise Europe Network, natomiast organizatorem konferencji jest Urz\u0105d Marsza\u0142kowski woj. Warmi\u0144sko-Mazurskiego w Olsztynie. Udzia\u0142 w wydarzeniach jest\u00a0<b>bezp\u0142atny.<\/b><\/span><\/p><p><span>Dlaczego warto uczestniczy\u0107?<\/span><\/p><ul type=\"disc\"><li><span>zaaran\u017cowane wcze\u015bniej spotkania z potencjalnymi partnerami zagranicznymi;<\/span><\/li><li><span>szansa na nawi\u0105zanie wsp\u00f3\u0142pracy biznesowej\/technologicznej;<\/span><\/li><li><span>cenne do\u015bwiadczenie i nowe mo\u017cliwo\u015bci rozwoju firmy<\/span><\/li><\/ul><p><span>Spotkania biznesowe to 20-minutowe, wcze\u015bniej um\u00f3wione sesje na miejscu:<\/span><\/p><ul type=\"disc\"><li><span>zarejestruj si\u0119 i zaprezentuj si\u0119 innym, tworz\u0105c spersonalizowany profil firmy<\/span><\/li><li><span>wybierz uczestnik\u00f3w, z kt\u00f3rymi spotkasz si\u0119 podczas wydarzenia<\/span><\/li><\/ul><p><span>Rejestracja na platformie nie zobowi\u0105zuje do uczestnictwa, natomiast daje mo\u017cliwo\u015b\u0107 wyszukiwania dla Pa\u0144stwa partner\u00f3w do rozm\u00f3w.<\/span><\/p><p><span>Rejestracja na konferencj\u0119 i spotkania jest ju\u017c otwarta, serdecznie zapraszamy:<\/span><\/p><p><b><span>Otwarci na DACHL, 18 wrze\u015bnia 2024<\/span><\/b><\/p><ul type=\"disc\"><li><span>Rejestracja na spotkania b2b:\u00a0<a data-auth=\"NotApplicable\" rel=\"noopener noreferrer\" href=\"https:\/\/opentodachl.talkb2b.net\/\" data-linkindex=\"0\">https:\/\/opentodachl.talkb2b.net\/<\/a><\/span><\/li><li><span>Rejestracja na konferencj\u0119:\u00a0<a data-auth=\"NotApplicable\" rel=\"noopener noreferrer\" href=\"https:\/\/rejestracja.gmsynergy.com.pl\/\" data-linkindex=\"1\">https:\/\/rejestracja.gmsynergy.com.pl\/<\/a><\/span><\/li><\/ul><p><b><span>Otwarci na Skandynawi\u0119, 10 pa\u017adziernika 2024:<\/span><\/b><\/p><ul type=\"disc\"><li><span>Rejestracja na spotkania b2b:\u00a0<a data-auth=\"NotApplicable\" rel=\"noopener noreferrer\" href=\"https:\/\/opentoscandinavia.talkb2b.net\/\" data-linkindex=\"2\">https:\/\/opentoscandinavia.talkb2b.net\/<\/a><\/span><\/li><li><span>Rejestracja na konferencj\u0119: w p\u00f3\u017aniejszym terminie<\/span><\/li><\/ul><p><b><span>Kontakt:<\/span><\/b><\/p><p><span>Z ch\u0119ci\u0105 pomo\u017cemy Pa\u0144stwu przy rejestracji i odpowiemy na dodatkowe pytania:<\/span><\/p><p><span>Magdalena P\u0119tlak, tel. +4 661\u00a0669\u00a0704, email:\u00a0<a href=\"mailto:magdalena.petlak@uwm.edu.pl\" data-linkindex=\"3\">magdalena.petlak@uwm.edu.pl<\/a><\/span><\/p>\t\t\t\t\t\t\t\t<\/div>\n\t\t\t\t<\/div>\n\t\t\t\t\t<\/div>\n\t\t<\/div>\n\t\t\t\t\t<\/div>\n\t\t<\/section>\n\t\t\t\t<\/div>\n\t\t","protected":false},"excerpt":{"rendered":"<p>O\u015brodek Enterprise Europe Network dzia\u0142aj\u0105cy przy Centrum Wsp\u00f3\u0142pracy z Otoczeniem Spo\u0142eczno-Gospodarczym UWM w Olsztynie serdecznie zaprasza do udzia\u0142u w dw\u00f3ch mi\u0119dzynarodowych wydarzeniach: 18 wrze\u015bnia 2024\u00a0w Hotelu Omega w Olsztynie:\u00a0Konferencja i spotkania biznesowe\u00a0Open to DACHL countries, z przedstawicielami firm z\u00a0Niemiec, Austrii, Szwajcarii 10 pa\u017adziernika 2024\u00a0w Hotelu Wile\u0144skim w Olsztynie:\u00a0Konferencja i spotkania [&hellip;]<\/p>\n","protected":false},"author":2,"featured_media":0,"comment_status":"closed","ping_status":"open","sticky":false,"template":"","format":"standard","meta":{"footnotes":""},"categories":[1],"tags":[],"class_list":["post-5900","post","type-post","status-publish","format-standard","hentry","category-bez-kategorii"],"yoast_head":"<!-- This site is optimized with the Yoast SEO plugin v27.3 - https:\/\/yoast.com\/product\/yoast-seo-wordpress\/ -->\n<title>Zaproszenie na konferencje i spotkania biznesowe w Olsztynie: kraje DACHL &amp; Skandynawia - Dzia\u0142dowska Agencja Rozwoju S.A.<\/title>\n<meta name=\"robots\" content=\"index, follow, max-snippet:-1, max-image-preview:large, max-video-preview:-1\" \/>\n<link rel=\"canonical\" href=\"https:\/\/darsa.pl\/www\/2024\/07\/08\/zaproszenie-na-konferencje-i-spotkania-biznesowe-w-olsztynie-kraje-dachl-skandynawia\/\" \/>\n<meta property=\"og:locale\" content=\"pl_PL\" \/>\n<meta property=\"og:type\" content=\"article\" \/>\n<meta property=\"og:title\" content=\"Zaproszenie na konferencje i spotkania biznesowe w Olsztynie: kraje DACHL &amp; Skandynawia - Dzia\u0142dowska Agencja Rozwoju S.A.\" \/>\n<meta property=\"og:description\" content=\"O\u015brodek Enterprise Europe Network dzia\u0142aj\u0105cy przy Centrum Wsp\u00f3\u0142pracy z Otoczeniem Spo\u0142eczno-Gospodarczym UWM w Olsztynie serdecznie zaprasza do udzia\u0142u w dw\u00f3ch mi\u0119dzynarodowych wydarzeniach: 18 wrze\u015bnia 2024\u00a0w Hotelu Omega w Olsztynie:\u00a0Konferencja i spotkania biznesowe\u00a0Open to DACHL countries, z przedstawicielami firm z\u00a0Niemiec, Austrii, Szwajcarii 10 pa\u017adziernika 2024\u00a0w Hotelu Wile\u0144skim w Olsztynie:\u00a0Konferencja i spotkania [&hellip;]\" \/>\n<meta property=\"og:url\" content=\"https:\/\/darsa.pl\/www\/2024\/07\/08\/zaproszenie-na-konferencje-i-spotkania-biznesowe-w-olsztynie-kraje-dachl-skandynawia\/\" \/>\n<meta property=\"og:site_name\" content=\"Dzia\u0142dowska Agencja Rozwoju S.A.\" \/>\n<meta property=\"article:published_time\" content=\"2024-07-08T06:39:34+00:00\" \/>\n<meta property=\"article:modified_time\" content=\"2024-07-08T06:40:49+00:00\" \/>\n<meta property=\"og:image\" content=\"https:\/\/darsa.pl\/www\/wp-content\/uploads\/2020\/07\/og_img3.png\" \/>\n\t<meta property=\"og:image:width\" content=\"1200\" \/>\n\t<meta property=\"og:image:height\" content=\"630\" \/>\n\t<meta property=\"og:image:type\" content=\"image\/png\" \/>\n<meta name=\"author\" content=\"T N\" \/>\n<meta name=\"twitter:card\" content=\"summary_large_image\" \/>\n<meta name=\"twitter:label1\" content=\"Napisane przez\" \/>\n\t<meta name=\"twitter:data1\" content=\"T N\" \/>\n\t<meta name=\"twitter:label2\" content=\"Szacowany czas czytania\" \/>\n\t<meta name=\"twitter:data2\" content=\"2 minuty\" \/>\n<script type=\"application\/ld+json\" class=\"yoast-schema-graph\">{\"@context\":\"https:\\\/\\\/schema.org\",\"@graph\":[{\"@type\":\"Article\",\"@id\":\"https:\\\/\\\/darsa.pl\\\/www\\\/2024\\\/07\\\/08\\\/zaproszenie-na-konferencje-i-spotkania-biznesowe-w-olsztynie-kraje-dachl-skandynawia\\\/#article\",\"isPartOf\":{\"@id\":\"https:\\\/\\\/darsa.pl\\\/www\\\/2024\\\/07\\\/08\\\/zaproszenie-na-konferencje-i-spotkania-biznesowe-w-olsztynie-kraje-dachl-skandynawia\\\/\"},\"author\":{\"name\":\"T N\",\"@id\":\"https:\\\/\\\/darsa.pl\\\/www\\\/#\\\/schema\\\/person\\\/3939783f5db8dbd9175f92f4cb31eee6\"},\"headline\":\"Zaproszenie na konferencje i spotkania biznesowe w Olsztynie: kraje DACHL &#038; Skandynawia\",\"datePublished\":\"2024-07-08T06:39:34+00:00\",\"dateModified\":\"2024-07-08T06:40:49+00:00\",\"mainEntityOfPage\":{\"@id\":\"https:\\\/\\\/darsa.pl\\\/www\\\/2024\\\/07\\\/08\\\/zaproszenie-na-konferencje-i-spotkania-biznesowe-w-olsztynie-kraje-dachl-skandynawia\\\/\"},\"wordCount\":299,\"publisher\":{\"@id\":\"https:\\\/\\\/darsa.pl\\\/www\\\/#organization\"},\"articleSection\":[\"&nbsp;\"],\"inLanguage\":\"pl-PL\"},{\"@type\":\"WebPage\",\"@id\":\"https:\\\/\\\/darsa.pl\\\/www\\\/2024\\\/07\\\/08\\\/zaproszenie-na-konferencje-i-spotkania-biznesowe-w-olsztynie-kraje-dachl-skandynawia\\\/\",\"url\":\"https:\\\/\\\/darsa.pl\\\/www\\\/2024\\\/07\\\/08\\\/zaproszenie-na-konferencje-i-spotkania-biznesowe-w-olsztynie-kraje-dachl-skandynawia\\\/\",\"name\":\"Zaproszenie na konferencje i spotkania biznesowe w Olsztynie: kraje DACHL & Skandynawia - Dzia\u0142dowska Agencja Rozwoju S.A.\",\"isPartOf\":{\"@id\":\"https:\\\/\\\/darsa.pl\\\/www\\\/#website\"},\"datePublished\":\"2024-07-08T06:39:34+00:00\",\"dateModified\":\"2024-07-08T06:40:49+00:00\",\"breadcrumb\":{\"@id\":\"https:\\\/\\\/darsa.pl\\\/www\\\/2024\\\/07\\\/08\\\/zaproszenie-na-konferencje-i-spotkania-biznesowe-w-olsztynie-kraje-dachl-skandynawia\\\/#breadcrumb\"},\"inLanguage\":\"pl-PL\",\"potentialAction\":[{\"@type\":\"ReadAction\",\"target\":[\"https:\\\/\\\/darsa.pl\\\/www\\\/2024\\\/07\\\/08\\\/zaproszenie-na-konferencje-i-spotkania-biznesowe-w-olsztynie-kraje-dachl-skandynawia\\\/\"]}]},{\"@type\":\"BreadcrumbList\",\"@id\":\"https:\\\/\\\/darsa.pl\\\/www\\\/2024\\\/07\\\/08\\\/zaproszenie-na-konferencje-i-spotkania-biznesowe-w-olsztynie-kraje-dachl-skandynawia\\\/#breadcrumb\",\"itemListElement\":[{\"@type\":\"ListItem\",\"position\":1,\"name\":\"Strona g\u0142\u00f3wna\",\"item\":\"https:\\\/\\\/darsa.pl\\\/www\\\/\"},{\"@type\":\"ListItem\",\"position\":2,\"name\":\"Zaproszenie na konferencje i spotkania biznesowe w Olsztynie: kraje DACHL &#038; Skandynawia\"}]},{\"@type\":\"WebSite\",\"@id\":\"https:\\\/\\\/darsa.pl\\\/www\\\/#website\",\"url\":\"https:\\\/\\\/darsa.pl\\\/www\\\/\",\"name\":\"Dzia\u0142dowska Agencja Rozwoju S.A.\",\"description\":\"Wspieranie ma\u0142ych i \u015brednich przedsi\u0119biorstw, edukacja i szkolenia.\",\"publisher\":{\"@id\":\"https:\\\/\\\/darsa.pl\\\/www\\\/#organization\"},\"potentialAction\":[{\"@type\":\"SearchAction\",\"target\":{\"@type\":\"EntryPoint\",\"urlTemplate\":\"https:\\\/\\\/darsa.pl\\\/www\\\/?s={search_term_string}\"},\"query-input\":{\"@type\":\"PropertyValueSpecification\",\"valueRequired\":true,\"valueName\":\"search_term_string\"}}],\"inLanguage\":\"pl-PL\"},{\"@type\":\"Organization\",\"@id\":\"https:\\\/\\\/darsa.pl\\\/www\\\/#organization\",\"name\":\"Dzia\u0142dowska Agencja Rozwoju S.A.\",\"url\":\"https:\\\/\\\/darsa.pl\\\/www\\\/\",\"logo\":{\"@type\":\"ImageObject\",\"inLanguage\":\"pl-PL\",\"@id\":\"https:\\\/\\\/darsa.pl\\\/www\\\/#\\\/schema\\\/logo\\\/image\\\/\",\"url\":\"https:\\\/\\\/darsa.pl\\\/www\\\/wp-content\\\/uploads\\\/2020\\\/06\\\/logo_h200px.png\",\"contentUrl\":\"https:\\\/\\\/darsa.pl\\\/www\\\/wp-content\\\/uploads\\\/2020\\\/06\\\/logo_h200px.png\",\"width\":856,\"height\":200,\"caption\":\"Dzia\u0142dowska Agencja Rozwoju S.A.\"},\"image\":{\"@id\":\"https:\\\/\\\/darsa.pl\\\/www\\\/#\\\/schema\\\/logo\\\/image\\\/\"}},{\"@type\":\"Person\",\"@id\":\"https:\\\/\\\/darsa.pl\\\/www\\\/#\\\/schema\\\/person\\\/3939783f5db8dbd9175f92f4cb31eee6\",\"name\":\"T N\",\"image\":{\"@type\":\"ImageObject\",\"inLanguage\":\"pl-PL\",\"@id\":\"https:\\\/\\\/secure.gravatar.com\\\/avatar\\\/177baa6e12b9ccd06056a16680d4d176e32d8d338c4a48442b8d32e94d715626?s=96&d=mm&r=g\",\"url\":\"https:\\\/\\\/secure.gravatar.com\\\/avatar\\\/177baa6e12b9ccd06056a16680d4d176e32d8d338c4a48442b8d32e94d715626?s=96&d=mm&r=g\",\"contentUrl\":\"https:\\\/\\\/secure.gravatar.com\\\/avatar\\\/177baa6e12b9ccd06056a16680d4d176e32d8d338c4a48442b8d32e94d715626?s=96&d=mm&r=g\",\"caption\":\"T N\"},\"url\":\"https:\\\/\\\/darsa.pl\\\/www\\\/author\\\/t-nac\\\/\"}]}<\/script>\n<!-- \/ Yoast SEO plugin. -->","yoast_head_json":{"title":"Zaproszenie na konferencje i spotkania biznesowe w Olsztynie: kraje DACHL & Skandynawia - Dzia\u0142dowska Agencja Rozwoju S.A.","robots":{"index":"index","follow":"follow","max-snippet":"max-snippet:-1","max-image-preview":"max-image-preview:large","max-video-preview":"max-video-preview:-1"},"canonical":"https:\/\/darsa.pl\/www\/2024\/07\/08\/zaproszenie-na-konferencje-i-spotkania-biznesowe-w-olsztynie-kraje-dachl-skandynawia\/","og_locale":"pl_PL","og_type":"article","og_title":"Zaproszenie na konferencje i spotkania biznesowe w Olsztynie: kraje DACHL & Skandynawia - Dzia\u0142dowska Agencja Rozwoju S.A.","og_description":"O\u015brodek Enterprise Europe Network dzia\u0142aj\u0105cy przy Centrum Wsp\u00f3\u0142pracy z Otoczeniem Spo\u0142eczno-Gospodarczym UWM w Olsztynie serdecznie zaprasza do udzia\u0142u w dw\u00f3ch mi\u0119dzynarodowych wydarzeniach: 18 wrze\u015bnia 2024\u00a0w Hotelu Omega w Olsztynie:\u00a0Konferencja i spotkania biznesowe\u00a0Open to DACHL countries, z przedstawicielami firm z\u00a0Niemiec, Austrii, Szwajcarii 10 pa\u017adziernika 2024\u00a0w Hotelu Wile\u0144skim w Olsztynie:\u00a0Konferencja i spotkania [&hellip;]","og_url":"https:\/\/darsa.pl\/www\/2024\/07\/08\/zaproszenie-na-konferencje-i-spotkania-biznesowe-w-olsztynie-kraje-dachl-skandynawia\/","og_site_name":"Dzia\u0142dowska Agencja Rozwoju S.A.","article_published_time":"2024-07-08T06:39:34+00:00","article_modified_time":"2024-07-08T06:40:49+00:00","og_image":[{"width":1200,"height":630,"url":"https:\/\/darsa.pl\/www\/wp-content\/uploads\/2020\/07\/og_img3.png","type":"image\/png"}],"author":"T N","twitter_card":"summary_large_image","twitter_misc":{"Napisane przez":"T N","Szacowany czas czytania":"2 minuty"},"schema":{"@context":"https:\/\/schema.org","@graph":[{"@type":"Article","@id":"https:\/\/darsa.pl\/www\/2024\/07\/08\/zaproszenie-na-konferencje-i-spotkania-biznesowe-w-olsztynie-kraje-dachl-skandynawia\/#article","isPartOf":{"@id":"https:\/\/darsa.pl\/www\/2024\/07\/08\/zaproszenie-na-konferencje-i-spotkania-biznesowe-w-olsztynie-kraje-dachl-skandynawia\/"},"author":{"name":"T N","@id":"https:\/\/darsa.pl\/www\/#\/schema\/person\/3939783f5db8dbd9175f92f4cb31eee6"},"headline":"Zaproszenie na konferencje i spotkania biznesowe w Olsztynie: kraje DACHL &#038; Skandynawia","datePublished":"2024-07-08T06:39:34+00:00","dateModified":"2024-07-08T06:40:49+00:00","mainEntityOfPage":{"@id":"https:\/\/darsa.pl\/www\/2024\/07\/08\/zaproszenie-na-konferencje-i-spotkania-biznesowe-w-olsztynie-kraje-dachl-skandynawia\/"},"wordCount":299,"publisher":{"@id":"https:\/\/darsa.pl\/www\/#organization"},"articleSection":["&nbsp;"],"inLanguage":"pl-PL"},{"@type":"WebPage","@id":"https:\/\/darsa.pl\/www\/2024\/07\/08\/zaproszenie-na-konferencje-i-spotkania-biznesowe-w-olsztynie-kraje-dachl-skandynawia\/","url":"https:\/\/darsa.pl\/www\/2024\/07\/08\/zaproszenie-na-konferencje-i-spotkania-biznesowe-w-olsztynie-kraje-dachl-skandynawia\/","name":"Zaproszenie na konferencje i spotkania biznesowe w Olsztynie: kraje DACHL & Skandynawia - Dzia\u0142dowska Agencja Rozwoju S.A.","isPartOf":{"@id":"https:\/\/darsa.pl\/www\/#website"},"datePublished":"2024-07-08T06:39:34+00:00","dateModified":"2024-07-08T06:40:49+00:00","breadcrumb":{"@id":"https:\/\/darsa.pl\/www\/2024\/07\/08\/zaproszenie-na-konferencje-i-spotkania-biznesowe-w-olsztynie-kraje-dachl-skandynawia\/#breadcrumb"},"inLanguage":"pl-PL","potentialAction":[{"@type":"ReadAction","target":["https:\/\/darsa.pl\/www\/2024\/07\/08\/zaproszenie-na-konferencje-i-spotkania-biznesowe-w-olsztynie-kraje-dachl-skandynawia\/"]}]},{"@type":"BreadcrumbList","@id":"https:\/\/darsa.pl\/www\/2024\/07\/08\/zaproszenie-na-konferencje-i-spotkania-biznesowe-w-olsztynie-kraje-dachl-skandynawia\/#breadcrumb","itemListElement":[{"@type":"ListItem","position":1,"name":"Strona g\u0142\u00f3wna","item":"https:\/\/darsa.pl\/www\/"},{"@type":"ListItem","position":2,"name":"Zaproszenie na konferencje i spotkania biznesowe w Olsztynie: kraje DACHL &#038; Skandynawia"}]},{"@type":"WebSite","@id":"https:\/\/darsa.pl\/www\/#website","url":"https:\/\/darsa.pl\/www\/","name":"Dzia\u0142dowska Agencja Rozwoju S.A.","description":"Wspieranie ma\u0142ych i \u015brednich przedsi\u0119biorstw, edukacja i szkolenia.","publisher":{"@id":"https:\/\/darsa.pl\/www\/#organization"},"potentialAction":[{"@type":"SearchAction","target":{"@type":"EntryPoint","urlTemplate":"https:\/\/darsa.pl\/www\/?s={search_term_string}"},"query-input":{"@type":"PropertyValueSpecification","valueRequired":true,"valueName":"search_term_string"}}],"inLanguage":"pl-PL"},{"@type":"Organization","@id":"https:\/\/darsa.pl\/www\/#organization","name":"Dzia\u0142dowska Agencja Rozwoju S.A.","url":"https:\/\/darsa.pl\/www\/","logo":{"@type":"ImageObject","inLanguage":"pl-PL","@id":"https:\/\/darsa.pl\/www\/#\/schema\/logo\/image\/","url":"https:\/\/darsa.pl\/www\/wp-content\/uploads\/2020\/06\/logo_h200px.png","contentUrl":"https:\/\/darsa.pl\/www\/wp-content\/uploads\/2020\/06\/logo_h200px.png","width":856,"height":200,"caption":"Dzia\u0142dowska Agencja Rozwoju S.A."},"image":{"@id":"https:\/\/darsa.pl\/www\/#\/schema\/logo\/image\/"}},{"@type":"Person","@id":"https:\/\/darsa.pl\/www\/#\/schema\/person\/3939783f5db8dbd9175f92f4cb31eee6","name":"T N","image":{"@type":"ImageObject","inLanguage":"pl-PL","@id":"https:\/\/secure.gravatar.com\/avatar\/177baa6e12b9ccd06056a16680d4d176e32d8d338c4a48442b8d32e94d715626?s=96&d=mm&r=g","url":"https:\/\/secure.gravatar.com\/avatar\/177baa6e12b9ccd06056a16680d4d176e32d8d338c4a48442b8d32e94d715626?s=96&d=mm&r=g","contentUrl":"https:\/\/secure.gravatar.com\/avatar\/177baa6e12b9ccd06056a16680d4d176e32d8d338c4a48442b8d32e94d715626?s=96&d=mm&r=g","caption":"T N"},"url":"https:\/\/darsa.pl\/www\/author\/t-nac\/"}]}},"_links":{"self":[{"href":"https:\/\/darsa.pl\/www\/wp-json\/wp\/v2\/posts\/5900","targetHints":{"allow":["GET"]}}],"collection":[{"href":"https:\/\/darsa.pl\/www\/wp-json\/wp\/v2\/posts"}],"about":[{"href":"https:\/\/darsa.pl\/www\/wp-json\/wp\/v2\/types\/post"}],"author":[{"embeddable":true,"href":"https:\/\/darsa.pl\/www\/wp-json\/wp\/v2\/users\/2"}],"replies":[{"embeddable":true,"href":"https:\/\/darsa.pl\/www\/wp-json\/wp\/v2\/comments?post=5900"}],"version-history":[{"count":4,"href":"https:\/\/darsa.pl\/www\/wp-json\/wp\/v2\/posts\/5900\/revisions"}],"predecessor-version":[{"id":5904,"href":"https:\/\/darsa.pl\/www\/wp-json\/wp\/v2\/posts\/5900\/revisions\/5904"}],"wp:attachment":[{"href":"https:\/\/darsa.pl\/www\/wp-json\/wp\/v2\/media?parent=5900"}],"wp:term":[{"taxonomy":"category","embeddable":true,"href":"https:\/\/darsa.pl\/www\/wp-json\/wp\/v2\/categories?post=5900"},{"taxonomy":"post_tag","embeddable":true,"href":"https:\/\/darsa.pl\/www\/wp-json\/wp\/v2\/tags?post=5900"}],"curies":[{"name":"wp","href":"https:\/\/api.w.org\/{rel}","templated":true}]}}