{"id":5872,"date":"2024-06-23T11:51:12","date_gmt":"2024-06-23T09:51:12","guid":{"rendered":"https:\/\/darsa.pl\/www\/?p=5872"},"modified":"2024-06-23T11:54:59","modified_gmt":"2024-06-23T09:54:59","slug":"konkurs-pn-ambasador-ekonomii-spolecznej-na-warmii-i-mazurach","status":"publish","type":"post","link":"https:\/\/darsa.pl\/www\/2024\/06\/23\/konkurs-pn-ambasador-ekonomii-spolecznej-na-warmii-i-mazurach\/","title":{"rendered":"Konkurs pn. &#8222;Ambasador Ekonomii Spo\u0142ecznej  na Warmii i Mazurach&#8221;"},"content":{"rendered":"\t\t<div data-elementor-type=\"wp-post\" data-elementor-id=\"5872\" class=\"elementor elementor-5872\">\n\t\t\t\t\t\t<section class=\"elementor-section elementor-top-section elementor-element elementor-element-1828899 elementor-section-boxed elementor-section-height-default elementor-section-height-default\" data-id=\"1828899\" data-element_type=\"section\" data-e-type=\"section\">\n\t\t\t\t\t\t<div class=\"elementor-container elementor-column-gap-default\">\n\t\t\t\t\t<div class=\"elementor-column elementor-col-100 elementor-top-column elementor-element elementor-element-3692ca3\" data-id=\"3692ca3\" data-element_type=\"column\" data-e-type=\"column\">\n\t\t\t<div class=\"elementor-widget-wrap elementor-element-populated\">\n\t\t\t\t\t\t<div class=\"elementor-element elementor-element-a3d12a5 elementor-widget elementor-widget-text-editor\" data-id=\"a3d12a5\" data-element_type=\"widget\" data-e-type=\"widget\" data-widget_type=\"text-editor.default\">\n\t\t\t\t<div class=\"elementor-widget-container\">\n\t\t\t\t\t\t\t\t\t<div style=\"border: 0px; font-variant-numeric: inherit; font-variant-east-asian: inherit; font-variant-alternates: inherit; font-variant-position: inherit; font-stretch: inherit; font-size: 12pt; line-height: inherit; font-family: Aptos, Aptos_EmbeddedFont, Aptos_MSFontService, Calibri, Helvetica, sans-serif, serif, EmojiFont; font-optical-sizing: inherit; font-kerning: inherit; font-feature-settings: inherit; font-variation-settings: inherit; margin: 0px; padding: 0px; vertical-align: baseline; color: black; white-space-collapse: preserve; direction: ltr;\"><span style=\"border: 0px; font: inherit; margin: 0px; padding: 0px; vertical-align: baseline; color: inherit;\"><img decoding=\"async\" alt=\"\ud83d\udce2\" src=\"https:\/\/static.xx.fbcdn.net\/images\/emoji.php\/v9\/t39\/1\/16\/1f4e2.png\" data-imagetype=\"External\" style=\"border-width: 0px; border-style: initial; font: inherit; margin: 0px; padding: 0px; vertical-align: baseline; color: inherit;\"> <\/span>Mamy przyjemno\u015b\u0107 poinformowa\u0107, i\u017c ruszy\u0142 nab\u00f3r wniosk\u00f3w w Konkursie &nbsp;pn. &nbsp;&#8222;Ambasador Ekonomii Spo\u0142ecznej na Warmii &nbsp;i Mazurach\u201d, kt\u00f3ry organizowany jest przez Regionalny O\u015brodek Polityki Spo\u0142ecznej Urz\u0119du Marsza\u0142kowskiego Wojew\u00f3dztwa Warmi\u0144sko-Mazurskiego w Olsztynie.<\/div><div style=\"border: 0px; font-variant-numeric: inherit; font-variant-east-asian: inherit; font-variant-alternates: inherit; font-variant-position: inherit; font-stretch: inherit; font-size: 12pt; line-height: inherit; font-family: Aptos, Aptos_EmbeddedFont, Aptos_MSFontService, Calibri, Helvetica, sans-serif, serif, EmojiFont; font-optical-sizing: inherit; font-kerning: inherit; font-feature-settings: inherit; font-variation-settings: inherit; margin: 0px; padding: 0px; vertical-align: baseline; color: black; white-space-collapse: preserve; direction: ltr;\">Celem Konkursu jest uhonorowanie jednostek samorz\u0105du terytorialnego, przedsi\u0119biorc\u00f3w, w tym przedsi\u0119biorc\u00f3w spo\u0142ecznych, plac\u00f3wek edukacyjnych, a tak\u017ce podmiot\u00f3w ekonomii spo\u0142ecznej, w tym organizacji pozarz\u0105dowych poprzez przyznanie nagr\u00f3d i wyr\u00f3\u017cnie\u0144 za dotychczasowe dzia\u0142ania na rzecz rozwoju ekonomii spo\u0142ecznej na Warmii i Mazurach.<\/div><div style=\"border: 0px; font-variant-numeric: inherit; font-variant-east-asian: inherit; font-variant-alternates: inherit; font-variant-position: inherit; font-stretch: inherit; font-size: 12pt; line-height: inherit; font-family: Aptos, Aptos_EmbeddedFont, Aptos_MSFontService, Calibri, Helvetica, sans-serif, serif, EmojiFont; font-optical-sizing: inherit; font-kerning: inherit; font-feature-settings: inherit; font-variation-settings: inherit; margin: 0px; padding: 0px; vertical-align: baseline; color: black; white-space-collapse: preserve; direction: ltr;\">W celu wzi\u0119cia udzia\u0142u w przedmiotowym Konkursie nale\u017cy w terminie do 15 lipca 2024 r., z\u0142o\u017cy\u0107 stosown\u0105 rekomendacj\u0119.<\/div><div style=\"border: 0px; font-variant-numeric: inherit; font-variant-east-asian: inherit; font-variant-alternates: inherit; font-variant-position: inherit; font-stretch: inherit; font-size: 12pt; line-height: inherit; font-family: Aptos, Aptos_EmbeddedFont, Aptos_MSFontService, Calibri, Helvetica, sans-serif, serif, EmojiFont; font-optical-sizing: inherit; font-kerning: inherit; font-feature-settings: inherit; font-variation-settings: inherit; margin: 0px; padding: 0px; vertical-align: baseline; color: black; white-space-collapse: preserve; direction: ltr;\">Szczeg\u00f3\u0142owe informacje dost\u0119pne s\u0105 na stronie internetowej:<a data-auth=\"NotApplicable\" rel=\"noopener noreferrer\" href=\"https:\/\/sps.warmia.mazury.pl\/ekonomia-spoleczna\/konkurs-ekonomii-spolecznej\/regulamin-konkursu-ekonomii-spolecznej\" data-linkindex=\"0\" style=\"border: 0px; font: inherit; margin: 0px; padding: 0px; vertical-align: baseline; display: inline;\">https:\/\/sps.warmia.mazury.pl\/&#8230;\/regulamin-konkursu&#8230;<\/a> <\/div><div style=\"border: 0px; font-variant-numeric: inherit; font-variant-east-asian: inherit; font-variant-alternates: inherit; font-variant-position: inherit; font-stretch: inherit; font-size: 12pt; line-height: inherit; font-family: Aptos, Aptos_EmbeddedFont, Aptos_MSFontService, Calibri, Helvetica, sans-serif, serif, EmojiFont; font-optical-sizing: inherit; font-kerning: inherit; font-feature-settings: inherit; font-variation-settings: inherit; margin: 0px; padding: 0px; vertical-align: baseline; color: black; white-space-collapse: preserve; direction: ltr;\">Konkurs odbywa si\u0119 w V kategoriach:<\/div><div style=\"border: 0px; font-variant-numeric: inherit; font-variant-east-asian: inherit; font-variant-alternates: inherit; font-variant-position: inherit; font-stretch: inherit; font-size: 12pt; line-height: inherit; font-family: Aptos, Aptos_EmbeddedFont, Aptos_MSFontService, Calibri, Helvetica, sans-serif, serif, EmojiFont; font-optical-sizing: inherit; font-kerning: inherit; font-feature-settings: inherit; font-variation-settings: inherit; margin: 0px; padding: 0px; vertical-align: baseline; color: black; white-space-collapse: preserve; direction: ltr;\"><span style=\"border: 0px; font: inherit; margin: 0px; padding: 0px; vertical-align: baseline; color: inherit;\"><img decoding=\"async\" alt=\"\ud83d\udfe2\" src=\"https:\/\/static.xx.fbcdn.net\/images\/emoji.php\/v9\/tfc\/1\/16\/1f7e2.png\" data-imagetype=\"External\" style=\"border-width: 0px; border-style: initial; font: inherit; margin: 0px; padding: 0px; vertical-align: baseline; color: inherit;\"> <\/span>Kategoria I: &nbsp; &nbsp; &nbsp;Samorz\u0105d Przyjazny Ekonomii Spo\u0142ecznej.<\/div><div style=\"border: 0px; font-variant-numeric: inherit; font-variant-east-asian: inherit; font-variant-alternates: inherit; font-variant-position: inherit; font-stretch: inherit; font-size: 12pt; line-height: inherit; font-family: Aptos, Aptos_EmbeddedFont, Aptos_MSFontService, Calibri, Helvetica, sans-serif, serif, EmojiFont; font-optical-sizing: inherit; font-kerning: inherit; font-feature-settings: inherit; font-variation-settings: inherit; margin: 0px; padding: 0px; vertical-align: baseline; color: black; white-space-collapse: preserve; direction: ltr;\"><span style=\"border: 0px; font: inherit; margin: 0px; padding: 0px; vertical-align: baseline; color: inherit;\"><img decoding=\"async\" alt=\"\ud83d\udfe2\" src=\"https:\/\/static.xx.fbcdn.net\/images\/emoji.php\/v9\/tfc\/1\/16\/1f7e2.png\" data-imagetype=\"External\" style=\"border-width: 0px; border-style: initial; font: inherit; margin: 0px; padding: 0px; vertical-align: baseline; color: inherit;\"> <\/span>Kategoria II: &nbsp; &nbsp; Biznes spo\u0142ecznie odpowiedzialny na Warmii i Mazurach.<\/div><div style=\"border: 0px; font-variant-numeric: inherit; font-variant-east-asian: inherit; font-variant-alternates: inherit; font-variant-position: inherit; font-stretch: inherit; font-size: 12pt; line-height: inherit; font-family: Aptos, Aptos_EmbeddedFont, Aptos_MSFontService, Calibri, Helvetica, sans-serif, serif, EmojiFont; font-optical-sizing: inherit; font-kerning: inherit; font-feature-settings: inherit; font-variation-settings: inherit; margin: 0px; padding: 0px; vertical-align: baseline; color: black; white-space-collapse: preserve; direction: ltr;\"><span style=\"border: 0px; font: inherit; margin: 0px; padding: 0px; vertical-align: baseline; color: inherit;\"><img decoding=\"async\" alt=\"\ud83d\udfe2\" src=\"https:\/\/static.xx.fbcdn.net\/images\/emoji.php\/v9\/tfc\/1\/16\/1f7e2.png\" data-imagetype=\"External\" style=\"border-width: 0px; border-style: initial; font: inherit; margin: 0px; padding: 0px; vertical-align: baseline; color: inherit;\"> <\/span>Kategoria III: &nbsp; &nbsp;Inicjatywa Edukacyjna Przyjazna Ekonomii Spo\u0142ecznej.<\/div><div style=\"border: 0px; font-variant-numeric: inherit; font-variant-east-asian: inherit; font-variant-alternates: inherit; font-variant-position: inherit; font-stretch: inherit; font-size: 12pt; line-height: inherit; font-family: Aptos, Aptos_EmbeddedFont, Aptos_MSFontService, Calibri, Helvetica, sans-serif, serif, EmojiFont; font-optical-sizing: inherit; font-kerning: inherit; font-feature-settings: inherit; font-variation-settings: inherit; margin: 0px; padding: 0px; vertical-align: baseline; color: black; white-space-collapse: preserve; direction: ltr;\"><span style=\"border: 0px; font: inherit; margin: 0px; padding: 0px; vertical-align: baseline; color: inherit;\"><img decoding=\"async\" alt=\"\ud83d\udfe2\" src=\"https:\/\/static.xx.fbcdn.net\/images\/emoji.php\/v9\/tfc\/1\/16\/1f7e2.png\" data-imagetype=\"External\" style=\"border-width: 0px; border-style: initial; font: inherit; margin: 0px; padding: 0px; vertical-align: baseline; color: inherit;\"> <\/span>Kategoria IV: &nbsp; &nbsp;Markowy produkt PES.<\/div><div style=\"border: 0px; font-variant-numeric: inherit; font-variant-east-asian: inherit; font-variant-alternates: inherit; font-variant-position: inherit; font-stretch: inherit; font-size: 12pt; line-height: inherit; font-family: Aptos, Aptos_EmbeddedFont, Aptos_MSFontService, Calibri, Helvetica, sans-serif, serif, EmojiFont; font-optical-sizing: inherit; font-kerning: inherit; font-feature-settings: inherit; font-variation-settings: inherit; margin: 0px; padding: 0px; vertical-align: baseline; color: black; white-space-collapse: preserve; direction: ltr;\"><span style=\"border: 0px; font: inherit; margin: 0px; padding: 0px; vertical-align: baseline; color: inherit;\"><img decoding=\"async\" alt=\"\ud83d\udfe2\" src=\"https:\/\/static.xx.fbcdn.net\/images\/emoji.php\/v9\/tfc\/1\/16\/1f7e2.png\" data-imagetype=\"External\" style=\"border-width: 0px; border-style: initial; font: inherit; margin: 0px; padding: 0px; vertical-align: baseline; color: inherit;\"> <\/span>Kategoria V: &nbsp; &nbsp; Przedsi\u0119biorstwo Spo\u0142eczne Roku<\/div><div style=\"border: 0px; font-variant-numeric: inherit; font-variant-east-asian: inherit; font-variant-alternates: inherit; font-variant-position: inherit; font-stretch: inherit; font-size: 12pt; line-height: inherit; font-family: Aptos, Aptos_EmbeddedFont, Aptos_MSFontService, Calibri, Helvetica, sans-serif, serif, EmojiFont; font-optical-sizing: inherit; font-kerning: inherit; font-feature-settings: inherit; font-variation-settings: inherit; margin: 0px; padding: 0px; vertical-align: baseline; color: black; white-space-collapse: preserve; direction: ltr;\">Laureat\u00f3w i Wyr\u00f3\u017cnionych w Konkursie &nbsp;uroczy\u015bcie nagrodzimy podczas IV Gali Ekonomii Spo\u0142ecznej organizowanej w dniu 23 pa\u017adziernika 2024 roku w Centrum Edukacji i Inicjatyw Kulturalnych Auli Widowiskowo-Konferencyjnej im. Anny Wasilewskiej przy ul. Ko\u015bci\u0144skiego 11 w Olsztynie.<\/div><div style=\"border: 0px; font-variant-numeric: inherit; font-variant-east-asian: inherit; font-variant-alternates: inherit; font-variant-position: inherit; font-stretch: inherit; font-size: 12pt; line-height: inherit; font-family: Aptos, Aptos_EmbeddedFont, Aptos_MSFontService, Calibri, Helvetica, sans-serif, serif, EmojiFont; font-optical-sizing: inherit; font-kerning: inherit; font-feature-settings: inherit; font-variation-settings: inherit; margin: 0px; padding: 0px; vertical-align: baseline; color: black; white-space-collapse: preserve; direction: ltr;\"><a data-auth=\"NotApplicable\" rel=\"noopener noreferrer\" href=\"https:\/\/www.facebook.com\/hashtag\/funduszeeuropejskie?__eep__=6&amp;__cft__[0]=AZWGHPldfRTAlkHAz-ST8JbzW0P1zdKlCAaWdwl94_SIgP_jzwTg3n3hpR1e6zAgW_rCtGmljETSFgp_l4HFZLeLOUIjvIcV4G3LYBfVuTM44iJF8yydDONT6fX0pFdP-i_ZTLgPjCuc9DoHzGocsYB33au4y2jBEYGdpr8REGeKkMXx_d9h7OEj35-1k2aRScpflJVdyy8v7UXfGg7T7Xda&amp;__tn__=*NK-R\" data-linkindex=\"1\" style=\"border: 0px; font: inherit; margin: 0px; padding: 0px; vertical-align: baseline; display: inline;\">#FunduszeEuropejskie<\/a> <a data-auth=\"NotApplicable\" rel=\"noopener noreferrer\" href=\"https:\/\/www.facebook.com\/hashtag\/funduszeue?__eep__=6&amp;__cft__[0]=AZWGHPldfRTAlkHAz-ST8JbzW0P1zdKlCAaWdwl94_SIgP_jzwTg3n3hpR1e6zAgW_rCtGmljETSFgp_l4HFZLeLOUIjvIcV4G3LYBfVuTM44iJF8yydDONT6fX0pFdP-i_ZTLgPjCuc9DoHzGocsYB33au4y2jBEYGdpr8REGeKkMXx_d9h7OEj35-1k2aRScpflJVdyy8v7UXfGg7T7Xda&amp;__tn__=*NK-R\" data-linkindex=\"2\" style=\"border: 0px; font: inherit; margin: 0px; padding: 0px; vertical-align: baseline; display: inline;\">#FunduszeUE<\/a> <a data-auth=\"NotApplicable\" rel=\"noopener noreferrer\" href=\"https:\/\/www.facebook.com\/hashtag\/ekonomiaspoleczna?__eep__=6&amp;__cft__[0]=AZWGHPldfRTAlkHAz-ST8JbzW0P1zdKlCAaWdwl94_SIgP_jzwTg3n3hpR1e6zAgW_rCtGmljETSFgp_l4HFZLeLOUIjvIcV4G3LYBfVuTM44iJF8yydDONT6fX0pFdP-i_ZTLgPjCuc9DoHzGocsYB33au4y2jBEYGdpr8REGeKkMXx_d9h7OEj35-1k2aRScpflJVdyy8v7UXfGg7T7Xda&amp;__tn__=*NK-R\" data-linkindex=\"3\" style=\"border: 0px; font: inherit; margin: 0px; padding: 0px; vertical-align: baseline; display: inline;\">#ekonomiaspoleczna<\/a><\/div>\t\t\t\t\t\t\t\t<\/div>\n\t\t\t\t<\/div>\n\t\t\t\t\t<\/div>\n\t\t<\/div>\n\t\t\t\t\t<\/div>\n\t\t<\/section>\n\t\t\t\t<\/div>\n\t\t","protected":false},"excerpt":{"rendered":"<p>Mamy przyjemno\u015b\u0107 poinformowa\u0107, i\u017c ruszy\u0142 nab\u00f3r wniosk\u00f3w w Konkursie \u00a0pn. \u00a0&#8222;Ambasador Ekonomii Spo\u0142ecznej na Warmii \u00a0i Mazurach\u201d, kt\u00f3ry organizowany jest przez Regionalny O\u015brodek Polityki Spo\u0142ecznej Urz\u0119du Marsza\u0142kowskiego Wojew\u00f3dztwa Warmi\u0144sko-Mazurskiego w Olsztynie.Celem Konkursu jest uhonorowanie jednostek samorz\u0105du terytorialnego, przedsi\u0119biorc\u00f3w, w tym przedsi\u0119biorc\u00f3w spo\u0142ecznych, plac\u00f3wek edukacyjnych, a tak\u017ce podmiot\u00f3w ekonomii spo\u0142ecznej, w [&hellip;]<\/p>\n","protected":false},"author":2,"featured_media":0,"comment_status":"closed","ping_status":"open","sticky":false,"template":"","format":"standard","meta":{"footnotes":""},"categories":[1],"tags":[],"class_list":["post-5872","post","type-post","status-publish","format-standard","hentry","category-bez-kategorii"],"yoast_head":"<!-- This site is optimized with the Yoast SEO plugin v27.3 - https:\/\/yoast.com\/product\/yoast-seo-wordpress\/ -->\n<title>Konkurs pn. &quot;Ambasador Ekonomii Spo\u0142ecznej na Warmii i Mazurach&quot; - Dzia\u0142dowska Agencja Rozwoju S.A.<\/title>\n<meta name=\"robots\" content=\"index, follow, max-snippet:-1, max-image-preview:large, max-video-preview:-1\" \/>\n<link rel=\"canonical\" href=\"https:\/\/darsa.pl\/www\/2024\/06\/23\/konkurs-pn-ambasador-ekonomii-spolecznej-na-warmii-i-mazurach\/\" \/>\n<meta property=\"og:locale\" content=\"pl_PL\" \/>\n<meta property=\"og:type\" content=\"article\" \/>\n<meta property=\"og:title\" content=\"Konkurs pn. &quot;Ambasador Ekonomii Spo\u0142ecznej na Warmii i Mazurach&quot; - Dzia\u0142dowska Agencja Rozwoju S.A.\" \/>\n<meta property=\"og:description\" content=\"Mamy przyjemno\u015b\u0107 poinformowa\u0107, i\u017c ruszy\u0142 nab\u00f3r wniosk\u00f3w w Konkursie \u00a0pn. \u00a0&#8222;Ambasador Ekonomii Spo\u0142ecznej na Warmii \u00a0i Mazurach\u201d, kt\u00f3ry organizowany jest przez Regionalny O\u015brodek Polityki Spo\u0142ecznej Urz\u0119du Marsza\u0142kowskiego Wojew\u00f3dztwa Warmi\u0144sko-Mazurskiego w Olsztynie.Celem Konkursu jest uhonorowanie jednostek samorz\u0105du terytorialnego, przedsi\u0119biorc\u00f3w, w tym przedsi\u0119biorc\u00f3w spo\u0142ecznych, plac\u00f3wek edukacyjnych, a tak\u017ce podmiot\u00f3w ekonomii spo\u0142ecznej, w [&hellip;]\" \/>\n<meta property=\"og:url\" content=\"https:\/\/darsa.pl\/www\/2024\/06\/23\/konkurs-pn-ambasador-ekonomii-spolecznej-na-warmii-i-mazurach\/\" \/>\n<meta property=\"og:site_name\" content=\"Dzia\u0142dowska Agencja Rozwoju S.A.\" \/>\n<meta property=\"article:published_time\" content=\"2024-06-23T09:51:12+00:00\" \/>\n<meta property=\"article:modified_time\" content=\"2024-06-23T09:54:59+00:00\" \/>\n<meta property=\"og:image\" content=\"https:\/\/static.xx.fbcdn.net\/images\/emoji.php\/v9\/t39\/1\/16\/1f4e2.png\" \/>\n<meta name=\"author\" content=\"T N\" \/>\n<meta name=\"twitter:card\" content=\"summary_large_image\" \/>\n<meta name=\"twitter:label1\" content=\"Napisane przez\" \/>\n\t<meta name=\"twitter:data1\" content=\"T N\" \/>\n\t<meta name=\"twitter:label2\" content=\"Szacowany czas czytania\" \/>\n\t<meta name=\"twitter:data2\" content=\"3 minuty\" \/>\n<script type=\"application\/ld+json\" class=\"yoast-schema-graph\">{\"@context\":\"https:\\\/\\\/schema.org\",\"@graph\":[{\"@type\":\"Article\",\"@id\":\"https:\\\/\\\/darsa.pl\\\/www\\\/2024\\\/06\\\/23\\\/konkurs-pn-ambasador-ekonomii-spolecznej-na-warmii-i-mazurach\\\/#article\",\"isPartOf\":{\"@id\":\"https:\\\/\\\/darsa.pl\\\/www\\\/2024\\\/06\\\/23\\\/konkurs-pn-ambasador-ekonomii-spolecznej-na-warmii-i-mazurach\\\/\"},\"author\":{\"name\":\"T N\",\"@id\":\"https:\\\/\\\/darsa.pl\\\/www\\\/#\\\/schema\\\/person\\\/3939783f5db8dbd9175f92f4cb31eee6\"},\"headline\":\"Konkurs pn. &#8222;Ambasador Ekonomii Spo\u0142ecznej na Warmii i Mazurach&#8221;\",\"datePublished\":\"2024-06-23T09:51:12+00:00\",\"dateModified\":\"2024-06-23T09:54:59+00:00\",\"mainEntityOfPage\":{\"@id\":\"https:\\\/\\\/darsa.pl\\\/www\\\/2024\\\/06\\\/23\\\/konkurs-pn-ambasador-ekonomii-spolecznej-na-warmii-i-mazurach\\\/\"},\"wordCount\":228,\"publisher\":{\"@id\":\"https:\\\/\\\/darsa.pl\\\/www\\\/#organization\"},\"image\":{\"@id\":\"https:\\\/\\\/darsa.pl\\\/www\\\/2024\\\/06\\\/23\\\/konkurs-pn-ambasador-ekonomii-spolecznej-na-warmii-i-mazurach\\\/#primaryimage\"},\"thumbnailUrl\":\"https:\\\/\\\/static.xx.fbcdn.net\\\/images\\\/emoji.php\\\/v9\\\/t39\\\/1\\\/16\\\/1f4e2.png\",\"articleSection\":[\"&nbsp;\"],\"inLanguage\":\"pl-PL\"},{\"@type\":\"WebPage\",\"@id\":\"https:\\\/\\\/darsa.pl\\\/www\\\/2024\\\/06\\\/23\\\/konkurs-pn-ambasador-ekonomii-spolecznej-na-warmii-i-mazurach\\\/\",\"url\":\"https:\\\/\\\/darsa.pl\\\/www\\\/2024\\\/06\\\/23\\\/konkurs-pn-ambasador-ekonomii-spolecznej-na-warmii-i-mazurach\\\/\",\"name\":\"Konkurs pn. \\\"Ambasador Ekonomii Spo\u0142ecznej na Warmii i Mazurach\\\" - Dzia\u0142dowska Agencja Rozwoju S.A.\",\"isPartOf\":{\"@id\":\"https:\\\/\\\/darsa.pl\\\/www\\\/#website\"},\"primaryImageOfPage\":{\"@id\":\"https:\\\/\\\/darsa.pl\\\/www\\\/2024\\\/06\\\/23\\\/konkurs-pn-ambasador-ekonomii-spolecznej-na-warmii-i-mazurach\\\/#primaryimage\"},\"image\":{\"@id\":\"https:\\\/\\\/darsa.pl\\\/www\\\/2024\\\/06\\\/23\\\/konkurs-pn-ambasador-ekonomii-spolecznej-na-warmii-i-mazurach\\\/#primaryimage\"},\"thumbnailUrl\":\"https:\\\/\\\/static.xx.fbcdn.net\\\/images\\\/emoji.php\\\/v9\\\/t39\\\/1\\\/16\\\/1f4e2.png\",\"datePublished\":\"2024-06-23T09:51:12+00:00\",\"dateModified\":\"2024-06-23T09:54:59+00:00\",\"breadcrumb\":{\"@id\":\"https:\\\/\\\/darsa.pl\\\/www\\\/2024\\\/06\\\/23\\\/konkurs-pn-ambasador-ekonomii-spolecznej-na-warmii-i-mazurach\\\/#breadcrumb\"},\"inLanguage\":\"pl-PL\",\"potentialAction\":[{\"@type\":\"ReadAction\",\"target\":[\"https:\\\/\\\/darsa.pl\\\/www\\\/2024\\\/06\\\/23\\\/konkurs-pn-ambasador-ekonomii-spolecznej-na-warmii-i-mazurach\\\/\"]}]},{\"@type\":\"ImageObject\",\"inLanguage\":\"pl-PL\",\"@id\":\"https:\\\/\\\/darsa.pl\\\/www\\\/2024\\\/06\\\/23\\\/konkurs-pn-ambasador-ekonomii-spolecznej-na-warmii-i-mazurach\\\/#primaryimage\",\"url\":\"https:\\\/\\\/static.xx.fbcdn.net\\\/images\\\/emoji.php\\\/v9\\\/t39\\\/1\\\/16\\\/1f4e2.png\",\"contentUrl\":\"https:\\\/\\\/static.xx.fbcdn.net\\\/images\\\/emoji.php\\\/v9\\\/t39\\\/1\\\/16\\\/1f4e2.png\"},{\"@type\":\"BreadcrumbList\",\"@id\":\"https:\\\/\\\/darsa.pl\\\/www\\\/2024\\\/06\\\/23\\\/konkurs-pn-ambasador-ekonomii-spolecznej-na-warmii-i-mazurach\\\/#breadcrumb\",\"itemListElement\":[{\"@type\":\"ListItem\",\"position\":1,\"name\":\"Strona g\u0142\u00f3wna\",\"item\":\"https:\\\/\\\/darsa.pl\\\/www\\\/\"},{\"@type\":\"ListItem\",\"position\":2,\"name\":\"Konkurs pn. &#8220;Ambasador Ekonomii Spo\u0142ecznej na Warmii i Mazurach&#8221;\"}]},{\"@type\":\"WebSite\",\"@id\":\"https:\\\/\\\/darsa.pl\\\/www\\\/#website\",\"url\":\"https:\\\/\\\/darsa.pl\\\/www\\\/\",\"name\":\"Dzia\u0142dowska Agencja Rozwoju S.A.\",\"description\":\"Wspieranie ma\u0142ych i \u015brednich przedsi\u0119biorstw, edukacja i szkolenia.\",\"publisher\":{\"@id\":\"https:\\\/\\\/darsa.pl\\\/www\\\/#organization\"},\"potentialAction\":[{\"@type\":\"SearchAction\",\"target\":{\"@type\":\"EntryPoint\",\"urlTemplate\":\"https:\\\/\\\/darsa.pl\\\/www\\\/?s={search_term_string}\"},\"query-input\":{\"@type\":\"PropertyValueSpecification\",\"valueRequired\":true,\"valueName\":\"search_term_string\"}}],\"inLanguage\":\"pl-PL\"},{\"@type\":\"Organization\",\"@id\":\"https:\\\/\\\/darsa.pl\\\/www\\\/#organization\",\"name\":\"Dzia\u0142dowska Agencja Rozwoju S.A.\",\"url\":\"https:\\\/\\\/darsa.pl\\\/www\\\/\",\"logo\":{\"@type\":\"ImageObject\",\"inLanguage\":\"pl-PL\",\"@id\":\"https:\\\/\\\/darsa.pl\\\/www\\\/#\\\/schema\\\/logo\\\/image\\\/\",\"url\":\"https:\\\/\\\/darsa.pl\\\/www\\\/wp-content\\\/uploads\\\/2020\\\/06\\\/logo_h200px.png\",\"contentUrl\":\"https:\\\/\\\/darsa.pl\\\/www\\\/wp-content\\\/uploads\\\/2020\\\/06\\\/logo_h200px.png\",\"width\":856,\"height\":200,\"caption\":\"Dzia\u0142dowska Agencja Rozwoju S.A.\"},\"image\":{\"@id\":\"https:\\\/\\\/darsa.pl\\\/www\\\/#\\\/schema\\\/logo\\\/image\\\/\"}},{\"@type\":\"Person\",\"@id\":\"https:\\\/\\\/darsa.pl\\\/www\\\/#\\\/schema\\\/person\\\/3939783f5db8dbd9175f92f4cb31eee6\",\"name\":\"T N\",\"image\":{\"@type\":\"ImageObject\",\"inLanguage\":\"pl-PL\",\"@id\":\"https:\\\/\\\/secure.gravatar.com\\\/avatar\\\/177baa6e12b9ccd06056a16680d4d176e32d8d338c4a48442b8d32e94d715626?s=96&d=mm&r=g\",\"url\":\"https:\\\/\\\/secure.gravatar.com\\\/avatar\\\/177baa6e12b9ccd06056a16680d4d176e32d8d338c4a48442b8d32e94d715626?s=96&d=mm&r=g\",\"contentUrl\":\"https:\\\/\\\/secure.gravatar.com\\\/avatar\\\/177baa6e12b9ccd06056a16680d4d176e32d8d338c4a48442b8d32e94d715626?s=96&d=mm&r=g\",\"caption\":\"T N\"},\"url\":\"https:\\\/\\\/darsa.pl\\\/www\\\/author\\\/t-nac\\\/\"}]}<\/script>\n<!-- \/ Yoast SEO plugin. -->","yoast_head_json":{"title":"Konkurs pn. \"Ambasador Ekonomii Spo\u0142ecznej na Warmii i Mazurach\" - Dzia\u0142dowska Agencja Rozwoju S.A.","robots":{"index":"index","follow":"follow","max-snippet":"max-snippet:-1","max-image-preview":"max-image-preview:large","max-video-preview":"max-video-preview:-1"},"canonical":"https:\/\/darsa.pl\/www\/2024\/06\/23\/konkurs-pn-ambasador-ekonomii-spolecznej-na-warmii-i-mazurach\/","og_locale":"pl_PL","og_type":"article","og_title":"Konkurs pn. \"Ambasador Ekonomii Spo\u0142ecznej na Warmii i Mazurach\" - Dzia\u0142dowska Agencja Rozwoju S.A.","og_description":"Mamy przyjemno\u015b\u0107 poinformowa\u0107, i\u017c ruszy\u0142 nab\u00f3r wniosk\u00f3w w Konkursie \u00a0pn. \u00a0&#8222;Ambasador Ekonomii Spo\u0142ecznej na Warmii \u00a0i Mazurach\u201d, kt\u00f3ry organizowany jest przez Regionalny O\u015brodek Polityki Spo\u0142ecznej Urz\u0119du Marsza\u0142kowskiego Wojew\u00f3dztwa Warmi\u0144sko-Mazurskiego w Olsztynie.Celem Konkursu jest uhonorowanie jednostek samorz\u0105du terytorialnego, przedsi\u0119biorc\u00f3w, w tym przedsi\u0119biorc\u00f3w spo\u0142ecznych, plac\u00f3wek edukacyjnych, a tak\u017ce podmiot\u00f3w ekonomii spo\u0142ecznej, w [&hellip;]","og_url":"https:\/\/darsa.pl\/www\/2024\/06\/23\/konkurs-pn-ambasador-ekonomii-spolecznej-na-warmii-i-mazurach\/","og_site_name":"Dzia\u0142dowska Agencja Rozwoju S.A.","article_published_time":"2024-06-23T09:51:12+00:00","article_modified_time":"2024-06-23T09:54:59+00:00","og_image":[{"url":"https:\/\/static.xx.fbcdn.net\/images\/emoji.php\/v9\/t39\/1\/16\/1f4e2.png","type":"","width":"","height":""}],"author":"T N","twitter_card":"summary_large_image","twitter_misc":{"Napisane przez":"T N","Szacowany czas czytania":"3 minuty"},"schema":{"@context":"https:\/\/schema.org","@graph":[{"@type":"Article","@id":"https:\/\/darsa.pl\/www\/2024\/06\/23\/konkurs-pn-ambasador-ekonomii-spolecznej-na-warmii-i-mazurach\/#article","isPartOf":{"@id":"https:\/\/darsa.pl\/www\/2024\/06\/23\/konkurs-pn-ambasador-ekonomii-spolecznej-na-warmii-i-mazurach\/"},"author":{"name":"T N","@id":"https:\/\/darsa.pl\/www\/#\/schema\/person\/3939783f5db8dbd9175f92f4cb31eee6"},"headline":"Konkurs pn. &#8222;Ambasador Ekonomii Spo\u0142ecznej na Warmii i Mazurach&#8221;","datePublished":"2024-06-23T09:51:12+00:00","dateModified":"2024-06-23T09:54:59+00:00","mainEntityOfPage":{"@id":"https:\/\/darsa.pl\/www\/2024\/06\/23\/konkurs-pn-ambasador-ekonomii-spolecznej-na-warmii-i-mazurach\/"},"wordCount":228,"publisher":{"@id":"https:\/\/darsa.pl\/www\/#organization"},"image":{"@id":"https:\/\/darsa.pl\/www\/2024\/06\/23\/konkurs-pn-ambasador-ekonomii-spolecznej-na-warmii-i-mazurach\/#primaryimage"},"thumbnailUrl":"https:\/\/static.xx.fbcdn.net\/images\/emoji.php\/v9\/t39\/1\/16\/1f4e2.png","articleSection":["&nbsp;"],"inLanguage":"pl-PL"},{"@type":"WebPage","@id":"https:\/\/darsa.pl\/www\/2024\/06\/23\/konkurs-pn-ambasador-ekonomii-spolecznej-na-warmii-i-mazurach\/","url":"https:\/\/darsa.pl\/www\/2024\/06\/23\/konkurs-pn-ambasador-ekonomii-spolecznej-na-warmii-i-mazurach\/","name":"Konkurs pn. \"Ambasador Ekonomii Spo\u0142ecznej na Warmii i Mazurach\" - Dzia\u0142dowska Agencja Rozwoju S.A.","isPartOf":{"@id":"https:\/\/darsa.pl\/www\/#website"},"primaryImageOfPage":{"@id":"https:\/\/darsa.pl\/www\/2024\/06\/23\/konkurs-pn-ambasador-ekonomii-spolecznej-na-warmii-i-mazurach\/#primaryimage"},"image":{"@id":"https:\/\/darsa.pl\/www\/2024\/06\/23\/konkurs-pn-ambasador-ekonomii-spolecznej-na-warmii-i-mazurach\/#primaryimage"},"thumbnailUrl":"https:\/\/static.xx.fbcdn.net\/images\/emoji.php\/v9\/t39\/1\/16\/1f4e2.png","datePublished":"2024-06-23T09:51:12+00:00","dateModified":"2024-06-23T09:54:59+00:00","breadcrumb":{"@id":"https:\/\/darsa.pl\/www\/2024\/06\/23\/konkurs-pn-ambasador-ekonomii-spolecznej-na-warmii-i-mazurach\/#breadcrumb"},"inLanguage":"pl-PL","potentialAction":[{"@type":"ReadAction","target":["https:\/\/darsa.pl\/www\/2024\/06\/23\/konkurs-pn-ambasador-ekonomii-spolecznej-na-warmii-i-mazurach\/"]}]},{"@type":"ImageObject","inLanguage":"pl-PL","@id":"https:\/\/darsa.pl\/www\/2024\/06\/23\/konkurs-pn-ambasador-ekonomii-spolecznej-na-warmii-i-mazurach\/#primaryimage","url":"https:\/\/static.xx.fbcdn.net\/images\/emoji.php\/v9\/t39\/1\/16\/1f4e2.png","contentUrl":"https:\/\/static.xx.fbcdn.net\/images\/emoji.php\/v9\/t39\/1\/16\/1f4e2.png"},{"@type":"BreadcrumbList","@id":"https:\/\/darsa.pl\/www\/2024\/06\/23\/konkurs-pn-ambasador-ekonomii-spolecznej-na-warmii-i-mazurach\/#breadcrumb","itemListElement":[{"@type":"ListItem","position":1,"name":"Strona g\u0142\u00f3wna","item":"https:\/\/darsa.pl\/www\/"},{"@type":"ListItem","position":2,"name":"Konkurs pn. &#8220;Ambasador Ekonomii Spo\u0142ecznej na Warmii i Mazurach&#8221;"}]},{"@type":"WebSite","@id":"https:\/\/darsa.pl\/www\/#website","url":"https:\/\/darsa.pl\/www\/","name":"Dzia\u0142dowska Agencja Rozwoju S.A.","description":"Wspieranie ma\u0142ych i \u015brednich przedsi\u0119biorstw, edukacja i szkolenia.","publisher":{"@id":"https:\/\/darsa.pl\/www\/#organization"},"potentialAction":[{"@type":"SearchAction","target":{"@type":"EntryPoint","urlTemplate":"https:\/\/darsa.pl\/www\/?s={search_term_string}"},"query-input":{"@type":"PropertyValueSpecification","valueRequired":true,"valueName":"search_term_string"}}],"inLanguage":"pl-PL"},{"@type":"Organization","@id":"https:\/\/darsa.pl\/www\/#organization","name":"Dzia\u0142dowska Agencja Rozwoju S.A.","url":"https:\/\/darsa.pl\/www\/","logo":{"@type":"ImageObject","inLanguage":"pl-PL","@id":"https:\/\/darsa.pl\/www\/#\/schema\/logo\/image\/","url":"https:\/\/darsa.pl\/www\/wp-content\/uploads\/2020\/06\/logo_h200px.png","contentUrl":"https:\/\/darsa.pl\/www\/wp-content\/uploads\/2020\/06\/logo_h200px.png","width":856,"height":200,"caption":"Dzia\u0142dowska Agencja Rozwoju S.A."},"image":{"@id":"https:\/\/darsa.pl\/www\/#\/schema\/logo\/image\/"}},{"@type":"Person","@id":"https:\/\/darsa.pl\/www\/#\/schema\/person\/3939783f5db8dbd9175f92f4cb31eee6","name":"T N","image":{"@type":"ImageObject","inLanguage":"pl-PL","@id":"https:\/\/secure.gravatar.com\/avatar\/177baa6e12b9ccd06056a16680d4d176e32d8d338c4a48442b8d32e94d715626?s=96&d=mm&r=g","url":"https:\/\/secure.gravatar.com\/avatar\/177baa6e12b9ccd06056a16680d4d176e32d8d338c4a48442b8d32e94d715626?s=96&d=mm&r=g","contentUrl":"https:\/\/secure.gravatar.com\/avatar\/177baa6e12b9ccd06056a16680d4d176e32d8d338c4a48442b8d32e94d715626?s=96&d=mm&r=g","caption":"T N"},"url":"https:\/\/darsa.pl\/www\/author\/t-nac\/"}]}},"_links":{"self":[{"href":"https:\/\/darsa.pl\/www\/wp-json\/wp\/v2\/posts\/5872","targetHints":{"allow":["GET"]}}],"collection":[{"href":"https:\/\/darsa.pl\/www\/wp-json\/wp\/v2\/posts"}],"about":[{"href":"https:\/\/darsa.pl\/www\/wp-json\/wp\/v2\/types\/post"}],"author":[{"embeddable":true,"href":"https:\/\/darsa.pl\/www\/wp-json\/wp\/v2\/users\/2"}],"replies":[{"embeddable":true,"href":"https:\/\/darsa.pl\/www\/wp-json\/wp\/v2\/comments?post=5872"}],"version-history":[{"count":4,"href":"https:\/\/darsa.pl\/www\/wp-json\/wp\/v2\/posts\/5872\/revisions"}],"predecessor-version":[{"id":5876,"href":"https:\/\/darsa.pl\/www\/wp-json\/wp\/v2\/posts\/5872\/revisions\/5876"}],"wp:attachment":[{"href":"https:\/\/darsa.pl\/www\/wp-json\/wp\/v2\/media?parent=5872"}],"wp:term":[{"taxonomy":"category","embeddable":true,"href":"https:\/\/darsa.pl\/www\/wp-json\/wp\/v2\/categories?post=5872"},{"taxonomy":"post_tag","embeddable":true,"href":"https:\/\/darsa.pl\/www\/wp-json\/wp\/v2\/tags?post=5872"}],"curies":[{"name":"wp","href":"https:\/\/api.w.org\/{rel}","templated":true}]}}