{"id":5091,"date":"2023-10-19T22:27:48","date_gmt":"2023-10-19T20:27:48","guid":{"rendered":"https:\/\/darsa.pl\/www\/?p=5091"},"modified":"2023-10-19T22:27:48","modified_gmt":"2023-10-19T20:27:48","slug":"ruszyl-nabor-wnioskow-do-konkursu-promocja-marki-innowacyjnych-msp","status":"publish","type":"post","link":"https:\/\/darsa.pl\/www\/2023\/10\/19\/ruszyl-nabor-wnioskow-do-konkursu-promocja-marki-innowacyjnych-msp\/","title":{"rendered":"Ruszy\u0142 nab\u00f3r wniosk\u00f3w do konkursu \u201ePromocja marki innowacyjnych M\u015aP\u201d"},"content":{"rendered":"<p><strong>16 pa\u017adziernika 2023 r. Polska Agencja Rozwoju Przedsi\u0119biorczo\u015bci uruchomi\u0142a nab\u00f3r do\u00a0konkursu \u201ePromocja marki innowacyjnych M\u015aP\u201d z programu Fundusze Europejskie dla Nowoczesnej Gospodarki (FENG). Dzia\u0142anie ma na celu wzmocnienie potencja\u0142u eksportowego przedsi\u0119biorc\u00f3w M\u015aP na rynkach mi\u0119dzynarodowych. \u015arodki przeznaczone na dofinansowanie projekt\u00f3w w naborze to 155 mln z\u0142. Wnioski b\u0119d\u0105 przyjmowane do 30 listopada 2023 r.<\/strong><\/p>\n<p style=\"text-align: center;\"><a href=\"https:\/\/www.parp.gov.pl\/component\/content\/article\/85119:ruszyl-nabor-wnioskow-do-konkursu-promocja-marki-innowacyjnych-msp?utm_source=newsletter&amp;utm_medium=email&amp;utm_campaign=newsletter_parp\" target=\"_blank\" rel=\"noopener\">Czytaj wi\u0119cej &gt;&gt;&gt;<\/a><\/p>\n","protected":false},"excerpt":{"rendered":"<p>16 pa\u017adziernika 2023 r. Polska Agencja Rozwoju Przedsi\u0119biorczo\u015bci uruchomi\u0142a nab\u00f3r do\u00a0konkursu \u201ePromocja marki innowacyjnych M\u015aP\u201d z programu Fundusze Europejskie dla Nowoczesnej Gospodarki (FENG). Dzia\u0142anie ma na celu wzmocnienie potencja\u0142u eksportowego przedsi\u0119biorc\u00f3w M\u015aP na rynkach mi\u0119dzynarodowych. \u015arodki przeznaczone na dofinansowanie projekt\u00f3w w naborze to 155 mln z\u0142. Wnioski b\u0119d\u0105 przyjmowane do [&hellip;]<\/p>\n","protected":false},"author":2,"featured_media":0,"comment_status":"closed","ping_status":"open","sticky":false,"template":"","format":"standard","meta":{"footnotes":""},"categories":[1],"tags":[],"class_list":["post-5091","post","type-post","status-publish","format-standard","hentry","category-bez-kategorii"],"yoast_head":"<!-- This site is optimized with the Yoast SEO plugin v27.3 - https:\/\/yoast.com\/product\/yoast-seo-wordpress\/ -->\n<title>Ruszy\u0142 nab\u00f3r wniosk\u00f3w do konkursu \u201ePromocja marki innowacyjnych M\u015aP\u201d - Dzia\u0142dowska Agencja Rozwoju S.A.<\/title>\n<meta name=\"robots\" content=\"index, follow, max-snippet:-1, max-image-preview:large, max-video-preview:-1\" \/>\n<link rel=\"canonical\" href=\"https:\/\/darsa.pl\/www\/2023\/10\/19\/ruszyl-nabor-wnioskow-do-konkursu-promocja-marki-innowacyjnych-msp\/\" \/>\n<meta property=\"og:locale\" content=\"pl_PL\" \/>\n<meta property=\"og:type\" content=\"article\" \/>\n<meta property=\"og:title\" content=\"Ruszy\u0142 nab\u00f3r wniosk\u00f3w do konkursu \u201ePromocja marki innowacyjnych M\u015aP\u201d - Dzia\u0142dowska Agencja Rozwoju S.A.\" \/>\n<meta property=\"og:description\" content=\"16 pa\u017adziernika 2023 r. Polska Agencja Rozwoju Przedsi\u0119biorczo\u015bci uruchomi\u0142a nab\u00f3r do\u00a0konkursu \u201ePromocja marki innowacyjnych M\u015aP\u201d z programu Fundusze Europejskie dla Nowoczesnej Gospodarki (FENG). Dzia\u0142anie ma na celu wzmocnienie potencja\u0142u eksportowego przedsi\u0119biorc\u00f3w M\u015aP na rynkach mi\u0119dzynarodowych. \u015arodki przeznaczone na dofinansowanie projekt\u00f3w w naborze to 155 mln z\u0142. Wnioski b\u0119d\u0105 przyjmowane do [&hellip;]\" \/>\n<meta property=\"og:url\" content=\"https:\/\/darsa.pl\/www\/2023\/10\/19\/ruszyl-nabor-wnioskow-do-konkursu-promocja-marki-innowacyjnych-msp\/\" \/>\n<meta property=\"og:site_name\" content=\"Dzia\u0142dowska Agencja Rozwoju S.A.\" \/>\n<meta property=\"article:published_time\" content=\"2023-10-19T20:27:48+00:00\" \/>\n<meta property=\"og:image\" content=\"https:\/\/darsa.pl\/www\/wp-content\/uploads\/2020\/07\/og_img3.png\" \/>\n\t<meta property=\"og:image:width\" content=\"1200\" \/>\n\t<meta property=\"og:image:height\" content=\"630\" \/>\n\t<meta property=\"og:image:type\" content=\"image\/png\" \/>\n<meta name=\"author\" content=\"T N\" \/>\n<meta name=\"twitter:card\" content=\"summary_large_image\" \/>\n<meta name=\"twitter:label1\" content=\"Napisane przez\" \/>\n\t<meta name=\"twitter:data1\" content=\"T N\" \/>\n\t<meta name=\"twitter:label2\" content=\"Szacowany czas czytania\" \/>\n\t<meta name=\"twitter:data2\" content=\"1 minuta\" \/>\n<script type=\"application\/ld+json\" class=\"yoast-schema-graph\">{\"@context\":\"https:\\\/\\\/schema.org\",\"@graph\":[{\"@type\":\"Article\",\"@id\":\"https:\\\/\\\/darsa.pl\\\/www\\\/2023\\\/10\\\/19\\\/ruszyl-nabor-wnioskow-do-konkursu-promocja-marki-innowacyjnych-msp\\\/#article\",\"isPartOf\":{\"@id\":\"https:\\\/\\\/darsa.pl\\\/www\\\/2023\\\/10\\\/19\\\/ruszyl-nabor-wnioskow-do-konkursu-promocja-marki-innowacyjnych-msp\\\/\"},\"author\":{\"name\":\"T N\",\"@id\":\"https:\\\/\\\/darsa.pl\\\/www\\\/#\\\/schema\\\/person\\\/3939783f5db8dbd9175f92f4cb31eee6\"},\"headline\":\"Ruszy\u0142 nab\u00f3r wniosk\u00f3w do konkursu \u201ePromocja marki innowacyjnych M\u015aP\u201d\",\"datePublished\":\"2023-10-19T20:27:48+00:00\",\"mainEntityOfPage\":{\"@id\":\"https:\\\/\\\/darsa.pl\\\/www\\\/2023\\\/10\\\/19\\\/ruszyl-nabor-wnioskow-do-konkursu-promocja-marki-innowacyjnych-msp\\\/\"},\"wordCount\":82,\"publisher\":{\"@id\":\"https:\\\/\\\/darsa.pl\\\/www\\\/#organization\"},\"articleSection\":[\"&nbsp;\"],\"inLanguage\":\"pl-PL\"},{\"@type\":\"WebPage\",\"@id\":\"https:\\\/\\\/darsa.pl\\\/www\\\/2023\\\/10\\\/19\\\/ruszyl-nabor-wnioskow-do-konkursu-promocja-marki-innowacyjnych-msp\\\/\",\"url\":\"https:\\\/\\\/darsa.pl\\\/www\\\/2023\\\/10\\\/19\\\/ruszyl-nabor-wnioskow-do-konkursu-promocja-marki-innowacyjnych-msp\\\/\",\"name\":\"Ruszy\u0142 nab\u00f3r wniosk\u00f3w do konkursu \u201ePromocja marki innowacyjnych M\u015aP\u201d - Dzia\u0142dowska Agencja Rozwoju S.A.\",\"isPartOf\":{\"@id\":\"https:\\\/\\\/darsa.pl\\\/www\\\/#website\"},\"datePublished\":\"2023-10-19T20:27:48+00:00\",\"breadcrumb\":{\"@id\":\"https:\\\/\\\/darsa.pl\\\/www\\\/2023\\\/10\\\/19\\\/ruszyl-nabor-wnioskow-do-konkursu-promocja-marki-innowacyjnych-msp\\\/#breadcrumb\"},\"inLanguage\":\"pl-PL\",\"potentialAction\":[{\"@type\":\"ReadAction\",\"target\":[\"https:\\\/\\\/darsa.pl\\\/www\\\/2023\\\/10\\\/19\\\/ruszyl-nabor-wnioskow-do-konkursu-promocja-marki-innowacyjnych-msp\\\/\"]}]},{\"@type\":\"BreadcrumbList\",\"@id\":\"https:\\\/\\\/darsa.pl\\\/www\\\/2023\\\/10\\\/19\\\/ruszyl-nabor-wnioskow-do-konkursu-promocja-marki-innowacyjnych-msp\\\/#breadcrumb\",\"itemListElement\":[{\"@type\":\"ListItem\",\"position\":1,\"name\":\"Strona g\u0142\u00f3wna\",\"item\":\"https:\\\/\\\/darsa.pl\\\/www\\\/\"},{\"@type\":\"ListItem\",\"position\":2,\"name\":\"Ruszy\u0142 nab\u00f3r wniosk\u00f3w do konkursu \u201ePromocja marki innowacyjnych M\u015aP\u201d\"}]},{\"@type\":\"WebSite\",\"@id\":\"https:\\\/\\\/darsa.pl\\\/www\\\/#website\",\"url\":\"https:\\\/\\\/darsa.pl\\\/www\\\/\",\"name\":\"Dzia\u0142dowska Agencja Rozwoju S.A.\",\"description\":\"Wspieranie ma\u0142ych i \u015brednich przedsi\u0119biorstw, edukacja i szkolenia.\",\"publisher\":{\"@id\":\"https:\\\/\\\/darsa.pl\\\/www\\\/#organization\"},\"potentialAction\":[{\"@type\":\"SearchAction\",\"target\":{\"@type\":\"EntryPoint\",\"urlTemplate\":\"https:\\\/\\\/darsa.pl\\\/www\\\/?s={search_term_string}\"},\"query-input\":{\"@type\":\"PropertyValueSpecification\",\"valueRequired\":true,\"valueName\":\"search_term_string\"}}],\"inLanguage\":\"pl-PL\"},{\"@type\":\"Organization\",\"@id\":\"https:\\\/\\\/darsa.pl\\\/www\\\/#organization\",\"name\":\"Dzia\u0142dowska Agencja Rozwoju S.A.\",\"url\":\"https:\\\/\\\/darsa.pl\\\/www\\\/\",\"logo\":{\"@type\":\"ImageObject\",\"inLanguage\":\"pl-PL\",\"@id\":\"https:\\\/\\\/darsa.pl\\\/www\\\/#\\\/schema\\\/logo\\\/image\\\/\",\"url\":\"https:\\\/\\\/darsa.pl\\\/www\\\/wp-content\\\/uploads\\\/2020\\\/06\\\/logo_h200px.png\",\"contentUrl\":\"https:\\\/\\\/darsa.pl\\\/www\\\/wp-content\\\/uploads\\\/2020\\\/06\\\/logo_h200px.png\",\"width\":856,\"height\":200,\"caption\":\"Dzia\u0142dowska Agencja Rozwoju S.A.\"},\"image\":{\"@id\":\"https:\\\/\\\/darsa.pl\\\/www\\\/#\\\/schema\\\/logo\\\/image\\\/\"}},{\"@type\":\"Person\",\"@id\":\"https:\\\/\\\/darsa.pl\\\/www\\\/#\\\/schema\\\/person\\\/3939783f5db8dbd9175f92f4cb31eee6\",\"name\":\"T N\",\"image\":{\"@type\":\"ImageObject\",\"inLanguage\":\"pl-PL\",\"@id\":\"https:\\\/\\\/secure.gravatar.com\\\/avatar\\\/177baa6e12b9ccd06056a16680d4d176e32d8d338c4a48442b8d32e94d715626?s=96&d=mm&r=g\",\"url\":\"https:\\\/\\\/secure.gravatar.com\\\/avatar\\\/177baa6e12b9ccd06056a16680d4d176e32d8d338c4a48442b8d32e94d715626?s=96&d=mm&r=g\",\"contentUrl\":\"https:\\\/\\\/secure.gravatar.com\\\/avatar\\\/177baa6e12b9ccd06056a16680d4d176e32d8d338c4a48442b8d32e94d715626?s=96&d=mm&r=g\",\"caption\":\"T N\"},\"url\":\"https:\\\/\\\/darsa.pl\\\/www\\\/author\\\/t-nac\\\/\"}]}<\/script>\n<!-- \/ Yoast SEO plugin. -->","yoast_head_json":{"title":"Ruszy\u0142 nab\u00f3r wniosk\u00f3w do konkursu \u201ePromocja marki innowacyjnych M\u015aP\u201d - Dzia\u0142dowska Agencja Rozwoju S.A.","robots":{"index":"index","follow":"follow","max-snippet":"max-snippet:-1","max-image-preview":"max-image-preview:large","max-video-preview":"max-video-preview:-1"},"canonical":"https:\/\/darsa.pl\/www\/2023\/10\/19\/ruszyl-nabor-wnioskow-do-konkursu-promocja-marki-innowacyjnych-msp\/","og_locale":"pl_PL","og_type":"article","og_title":"Ruszy\u0142 nab\u00f3r wniosk\u00f3w do konkursu \u201ePromocja marki innowacyjnych M\u015aP\u201d - Dzia\u0142dowska Agencja Rozwoju S.A.","og_description":"16 pa\u017adziernika 2023 r. Polska Agencja Rozwoju Przedsi\u0119biorczo\u015bci uruchomi\u0142a nab\u00f3r do\u00a0konkursu \u201ePromocja marki innowacyjnych M\u015aP\u201d z programu Fundusze Europejskie dla Nowoczesnej Gospodarki (FENG). Dzia\u0142anie ma na celu wzmocnienie potencja\u0142u eksportowego przedsi\u0119biorc\u00f3w M\u015aP na rynkach mi\u0119dzynarodowych. \u015arodki przeznaczone na dofinansowanie projekt\u00f3w w naborze to 155 mln z\u0142. Wnioski b\u0119d\u0105 przyjmowane do [&hellip;]","og_url":"https:\/\/darsa.pl\/www\/2023\/10\/19\/ruszyl-nabor-wnioskow-do-konkursu-promocja-marki-innowacyjnych-msp\/","og_site_name":"Dzia\u0142dowska Agencja Rozwoju S.A.","article_published_time":"2023-10-19T20:27:48+00:00","og_image":[{"width":1200,"height":630,"url":"https:\/\/darsa.pl\/www\/wp-content\/uploads\/2020\/07\/og_img3.png","type":"image\/png"}],"author":"T N","twitter_card":"summary_large_image","twitter_misc":{"Napisane przez":"T N","Szacowany czas czytania":"1 minuta"},"schema":{"@context":"https:\/\/schema.org","@graph":[{"@type":"Article","@id":"https:\/\/darsa.pl\/www\/2023\/10\/19\/ruszyl-nabor-wnioskow-do-konkursu-promocja-marki-innowacyjnych-msp\/#article","isPartOf":{"@id":"https:\/\/darsa.pl\/www\/2023\/10\/19\/ruszyl-nabor-wnioskow-do-konkursu-promocja-marki-innowacyjnych-msp\/"},"author":{"name":"T N","@id":"https:\/\/darsa.pl\/www\/#\/schema\/person\/3939783f5db8dbd9175f92f4cb31eee6"},"headline":"Ruszy\u0142 nab\u00f3r wniosk\u00f3w do konkursu \u201ePromocja marki innowacyjnych M\u015aP\u201d","datePublished":"2023-10-19T20:27:48+00:00","mainEntityOfPage":{"@id":"https:\/\/darsa.pl\/www\/2023\/10\/19\/ruszyl-nabor-wnioskow-do-konkursu-promocja-marki-innowacyjnych-msp\/"},"wordCount":82,"publisher":{"@id":"https:\/\/darsa.pl\/www\/#organization"},"articleSection":["&nbsp;"],"inLanguage":"pl-PL"},{"@type":"WebPage","@id":"https:\/\/darsa.pl\/www\/2023\/10\/19\/ruszyl-nabor-wnioskow-do-konkursu-promocja-marki-innowacyjnych-msp\/","url":"https:\/\/darsa.pl\/www\/2023\/10\/19\/ruszyl-nabor-wnioskow-do-konkursu-promocja-marki-innowacyjnych-msp\/","name":"Ruszy\u0142 nab\u00f3r wniosk\u00f3w do konkursu \u201ePromocja marki innowacyjnych M\u015aP\u201d - Dzia\u0142dowska Agencja Rozwoju S.A.","isPartOf":{"@id":"https:\/\/darsa.pl\/www\/#website"},"datePublished":"2023-10-19T20:27:48+00:00","breadcrumb":{"@id":"https:\/\/darsa.pl\/www\/2023\/10\/19\/ruszyl-nabor-wnioskow-do-konkursu-promocja-marki-innowacyjnych-msp\/#breadcrumb"},"inLanguage":"pl-PL","potentialAction":[{"@type":"ReadAction","target":["https:\/\/darsa.pl\/www\/2023\/10\/19\/ruszyl-nabor-wnioskow-do-konkursu-promocja-marki-innowacyjnych-msp\/"]}]},{"@type":"BreadcrumbList","@id":"https:\/\/darsa.pl\/www\/2023\/10\/19\/ruszyl-nabor-wnioskow-do-konkursu-promocja-marki-innowacyjnych-msp\/#breadcrumb","itemListElement":[{"@type":"ListItem","position":1,"name":"Strona g\u0142\u00f3wna","item":"https:\/\/darsa.pl\/www\/"},{"@type":"ListItem","position":2,"name":"Ruszy\u0142 nab\u00f3r wniosk\u00f3w do konkursu \u201ePromocja marki innowacyjnych M\u015aP\u201d"}]},{"@type":"WebSite","@id":"https:\/\/darsa.pl\/www\/#website","url":"https:\/\/darsa.pl\/www\/","name":"Dzia\u0142dowska Agencja Rozwoju S.A.","description":"Wspieranie ma\u0142ych i \u015brednich przedsi\u0119biorstw, edukacja i szkolenia.","publisher":{"@id":"https:\/\/darsa.pl\/www\/#organization"},"potentialAction":[{"@type":"SearchAction","target":{"@type":"EntryPoint","urlTemplate":"https:\/\/darsa.pl\/www\/?s={search_term_string}"},"query-input":{"@type":"PropertyValueSpecification","valueRequired":true,"valueName":"search_term_string"}}],"inLanguage":"pl-PL"},{"@type":"Organization","@id":"https:\/\/darsa.pl\/www\/#organization","name":"Dzia\u0142dowska Agencja Rozwoju S.A.","url":"https:\/\/darsa.pl\/www\/","logo":{"@type":"ImageObject","inLanguage":"pl-PL","@id":"https:\/\/darsa.pl\/www\/#\/schema\/logo\/image\/","url":"https:\/\/darsa.pl\/www\/wp-content\/uploads\/2020\/06\/logo_h200px.png","contentUrl":"https:\/\/darsa.pl\/www\/wp-content\/uploads\/2020\/06\/logo_h200px.png","width":856,"height":200,"caption":"Dzia\u0142dowska Agencja Rozwoju S.A."},"image":{"@id":"https:\/\/darsa.pl\/www\/#\/schema\/logo\/image\/"}},{"@type":"Person","@id":"https:\/\/darsa.pl\/www\/#\/schema\/person\/3939783f5db8dbd9175f92f4cb31eee6","name":"T N","image":{"@type":"ImageObject","inLanguage":"pl-PL","@id":"https:\/\/secure.gravatar.com\/avatar\/177baa6e12b9ccd06056a16680d4d176e32d8d338c4a48442b8d32e94d715626?s=96&d=mm&r=g","url":"https:\/\/secure.gravatar.com\/avatar\/177baa6e12b9ccd06056a16680d4d176e32d8d338c4a48442b8d32e94d715626?s=96&d=mm&r=g","contentUrl":"https:\/\/secure.gravatar.com\/avatar\/177baa6e12b9ccd06056a16680d4d176e32d8d338c4a48442b8d32e94d715626?s=96&d=mm&r=g","caption":"T N"},"url":"https:\/\/darsa.pl\/www\/author\/t-nac\/"}]}},"_links":{"self":[{"href":"https:\/\/darsa.pl\/www\/wp-json\/wp\/v2\/posts\/5091","targetHints":{"allow":["GET"]}}],"collection":[{"href":"https:\/\/darsa.pl\/www\/wp-json\/wp\/v2\/posts"}],"about":[{"href":"https:\/\/darsa.pl\/www\/wp-json\/wp\/v2\/types\/post"}],"author":[{"embeddable":true,"href":"https:\/\/darsa.pl\/www\/wp-json\/wp\/v2\/users\/2"}],"replies":[{"embeddable":true,"href":"https:\/\/darsa.pl\/www\/wp-json\/wp\/v2\/comments?post=5091"}],"version-history":[{"count":1,"href":"https:\/\/darsa.pl\/www\/wp-json\/wp\/v2\/posts\/5091\/revisions"}],"predecessor-version":[{"id":5092,"href":"https:\/\/darsa.pl\/www\/wp-json\/wp\/v2\/posts\/5091\/revisions\/5092"}],"wp:attachment":[{"href":"https:\/\/darsa.pl\/www\/wp-json\/wp\/v2\/media?parent=5091"}],"wp:term":[{"taxonomy":"category","embeddable":true,"href":"https:\/\/darsa.pl\/www\/wp-json\/wp\/v2\/categories?post=5091"},{"taxonomy":"post_tag","embeddable":true,"href":"https:\/\/darsa.pl\/www\/wp-json\/wp\/v2\/tags?post=5091"}],"curies":[{"name":"wp","href":"https:\/\/api.w.org\/{rel}","templated":true}]}}