{"id":4943,"date":"2023-04-06T21:07:58","date_gmt":"2023-04-06T19:07:58","guid":{"rendered":"https:\/\/darsa.pl\/www\/?p=4943"},"modified":"2023-04-06T21:07:58","modified_gmt":"2023-04-06T19:07:58","slug":"prezes-dar-s-a-czlonkiem-warminsko-mazurskiego-komitetu-rozwoju-ekonomii-spolecznej","status":"publish","type":"post","link":"https:\/\/darsa.pl\/www\/2023\/04\/06\/prezes-dar-s-a-czlonkiem-warminsko-mazurskiego-komitetu-rozwoju-ekonomii-spolecznej\/","title":{"rendered":"Prezes DAR S.A. cz\u0142onkiem Warmi\u0144sko-Mazurskiego Komitetu Rozwoju Ekonomii Spo\u0142ecznej"},"content":{"rendered":"<p class=\"x_x_x_x_MsoNormal\"><span class=\"x_x_x_x_ContentPasted0 x_ContentPasted1\">Pan Roman Dawidowski Prezes Zarz\u0105du DAR S.A. zosta\u0142 jednym z 31 cz\u0142onk\u00f3w Warmi\u0144sko-Mazurskiego Komitetu Rozwoju Ekonomii Spo\u0142ecznej na lata 2023-2026.<span><\/span><span class=\"x_x_x_x_xcontentpasted9\">\u00a0<\/span><\/span><span class=\"x_x_x_x_xcontentpasted1\"><span><span class=\"x_x_x_x_ContentPasted0 x_ContentPasted1\">Komitet pe\u0142ni funkcj\u0119 organu konsultacyjnego, opiniuj\u0105cego, doradczego i inicjatywnego Samorz\u0105du Wojew\u00f3dztwa Warmi\u0144sko-Mazurskiego.<\/span><\/span><\/span><\/p>\n<p class=\"x_x_x_x_MsoNormal\"><span class=\"x_x_x_x_xcontentpasted4\"><span class=\"x_x_x_x_ContentPasted0 x_ContentPasted1\">Komitet \u015bci\u015ble wsp\u00f3\u0142pracuje z Regionalnym O\u015brodkiem Polityki Spo\u0142ecznej w Olsztynie w zakresie promocji ekonomii spo\u0142ecznej w regionie. <\/span><\/span><span><\/span><span class=\"x_x_x_x_xcontentpasted5 x_ContentPasted1\"><span><span class=\"x_x_x_x_ContentPasted0 x_ContentPasted1\">Dzia\u0142alno\u015b\u0107 komitetu jest szeroka i stanowi wachlarz inicjatyw, zaplanowanych w ramach rocznych plan\u00f3w dzia\u0142a\u0144,<span class=\"x_ContentPasted1\">\u00a0<\/span><\/span><\/span><span class=\"x_x_x_x_xcontentpasted6\"><span class=\"x_x_x_x_ContentPasted0 x_ContentPasted1\">maj\u0105cych wp\u0142yw na sektor ekonomii spo\u0142ecznej w regionie.<\/span><\/span><\/span><\/p>\n","protected":false},"excerpt":{"rendered":"<p>Pan Roman Dawidowski Prezes Zarz\u0105du DAR S.A. zosta\u0142 jednym z 31 cz\u0142onk\u00f3w Warmi\u0144sko-Mazurskiego Komitetu Rozwoju Ekonomii Spo\u0142ecznej na lata 2023-2026.\u00a0Komitet pe\u0142ni funkcj\u0119 organu konsultacyjnego, opiniuj\u0105cego, doradczego i inicjatywnego Samorz\u0105du Wojew\u00f3dztwa Warmi\u0144sko-Mazurskiego. Komitet \u015bci\u015ble wsp\u00f3\u0142pracuje z Regionalnym O\u015brodkiem Polityki Spo\u0142ecznej w Olsztynie w zakresie promocji ekonomii spo\u0142ecznej w regionie. Dzia\u0142alno\u015b\u0107 komitetu [&hellip;]<\/p>\n","protected":false},"author":2,"featured_media":4944,"comment_status":"closed","ping_status":"open","sticky":false,"template":"","format":"standard","meta":{"footnotes":""},"categories":[1],"tags":[],"class_list":["post-4943","post","type-post","status-publish","format-standard","has-post-thumbnail","hentry","category-bez-kategorii"],"yoast_head":"<!-- This site is optimized with the Yoast SEO plugin v27.3 - https:\/\/yoast.com\/product\/yoast-seo-wordpress\/ -->\n<title>Prezes DAR S.A. cz\u0142onkiem Warmi\u0144sko-Mazurskiego Komitetu Rozwoju Ekonomii Spo\u0142ecznej - Dzia\u0142dowska Agencja Rozwoju S.A.<\/title>\n<meta name=\"robots\" content=\"index, follow, max-snippet:-1, max-image-preview:large, max-video-preview:-1\" \/>\n<link rel=\"canonical\" href=\"https:\/\/darsa.pl\/www\/2023\/04\/06\/prezes-dar-s-a-czlonkiem-warminsko-mazurskiego-komitetu-rozwoju-ekonomii-spolecznej\/\" \/>\n<meta property=\"og:locale\" content=\"pl_PL\" \/>\n<meta property=\"og:type\" content=\"article\" \/>\n<meta property=\"og:title\" content=\"Prezes DAR S.A. cz\u0142onkiem Warmi\u0144sko-Mazurskiego Komitetu Rozwoju Ekonomii Spo\u0142ecznej - Dzia\u0142dowska Agencja Rozwoju S.A.\" \/>\n<meta property=\"og:description\" content=\"Pan Roman Dawidowski Prezes Zarz\u0105du DAR S.A. zosta\u0142 jednym z 31 cz\u0142onk\u00f3w Warmi\u0144sko-Mazurskiego Komitetu Rozwoju Ekonomii Spo\u0142ecznej na lata 2023-2026.\u00a0Komitet pe\u0142ni funkcj\u0119 organu konsultacyjnego, opiniuj\u0105cego, doradczego i inicjatywnego Samorz\u0105du Wojew\u00f3dztwa Warmi\u0144sko-Mazurskiego. Komitet \u015bci\u015ble wsp\u00f3\u0142pracuje z Regionalnym O\u015brodkiem Polityki Spo\u0142ecznej w Olsztynie w zakresie promocji ekonomii spo\u0142ecznej w regionie. Dzia\u0142alno\u015b\u0107 komitetu [&hellip;]\" \/>\n<meta property=\"og:url\" content=\"https:\/\/darsa.pl\/www\/2023\/04\/06\/prezes-dar-s-a-czlonkiem-warminsko-mazurskiego-komitetu-rozwoju-ekonomii-spolecznej\/\" \/>\n<meta property=\"og:site_name\" content=\"Dzia\u0142dowska Agencja Rozwoju S.A.\" \/>\n<meta property=\"article:published_time\" content=\"2023-04-06T19:07:58+00:00\" \/>\n<meta property=\"og:image\" content=\"https:\/\/darsa.pl\/www\/wp-content\/uploads\/2023\/04\/dokument.jpg\" \/>\n\t<meta property=\"og:image:width\" content=\"519\" \/>\n\t<meta property=\"og:image:height\" content=\"731\" \/>\n\t<meta property=\"og:image:type\" content=\"image\/jpeg\" \/>\n<meta name=\"author\" content=\"T N\" \/>\n<meta name=\"twitter:card\" content=\"summary_large_image\" \/>\n<meta name=\"twitter:label1\" content=\"Napisane przez\" \/>\n\t<meta name=\"twitter:data1\" content=\"T N\" \/>\n\t<meta name=\"twitter:label2\" content=\"Szacowany czas czytania\" \/>\n\t<meta name=\"twitter:data2\" content=\"1 minuta\" \/>\n<script type=\"application\/ld+json\" class=\"yoast-schema-graph\">{\"@context\":\"https:\\\/\\\/schema.org\",\"@graph\":[{\"@type\":\"Article\",\"@id\":\"https:\\\/\\\/darsa.pl\\\/www\\\/2023\\\/04\\\/06\\\/prezes-dar-s-a-czlonkiem-warminsko-mazurskiego-komitetu-rozwoju-ekonomii-spolecznej\\\/#article\",\"isPartOf\":{\"@id\":\"https:\\\/\\\/darsa.pl\\\/www\\\/2023\\\/04\\\/06\\\/prezes-dar-s-a-czlonkiem-warminsko-mazurskiego-komitetu-rozwoju-ekonomii-spolecznej\\\/\"},\"author\":{\"name\":\"T N\",\"@id\":\"https:\\\/\\\/darsa.pl\\\/www\\\/#\\\/schema\\\/person\\\/3939783f5db8dbd9175f92f4cb31eee6\"},\"headline\":\"Prezes DAR S.A. cz\u0142onkiem Warmi\u0144sko-Mazurskiego Komitetu Rozwoju Ekonomii Spo\u0142ecznej\",\"datePublished\":\"2023-04-06T19:07:58+00:00\",\"mainEntityOfPage\":{\"@id\":\"https:\\\/\\\/darsa.pl\\\/www\\\/2023\\\/04\\\/06\\\/prezes-dar-s-a-czlonkiem-warminsko-mazurskiego-komitetu-rozwoju-ekonomii-spolecznej\\\/\"},\"wordCount\":105,\"publisher\":{\"@id\":\"https:\\\/\\\/darsa.pl\\\/www\\\/#organization\"},\"image\":{\"@id\":\"https:\\\/\\\/darsa.pl\\\/www\\\/2023\\\/04\\\/06\\\/prezes-dar-s-a-czlonkiem-warminsko-mazurskiego-komitetu-rozwoju-ekonomii-spolecznej\\\/#primaryimage\"},\"thumbnailUrl\":\"https:\\\/\\\/darsa.pl\\\/www\\\/wp-content\\\/uploads\\\/2023\\\/04\\\/dokument.jpg\",\"articleSection\":[\"&nbsp;\"],\"inLanguage\":\"pl-PL\"},{\"@type\":\"WebPage\",\"@id\":\"https:\\\/\\\/darsa.pl\\\/www\\\/2023\\\/04\\\/06\\\/prezes-dar-s-a-czlonkiem-warminsko-mazurskiego-komitetu-rozwoju-ekonomii-spolecznej\\\/\",\"url\":\"https:\\\/\\\/darsa.pl\\\/www\\\/2023\\\/04\\\/06\\\/prezes-dar-s-a-czlonkiem-warminsko-mazurskiego-komitetu-rozwoju-ekonomii-spolecznej\\\/\",\"name\":\"Prezes DAR S.A. cz\u0142onkiem Warmi\u0144sko-Mazurskiego Komitetu Rozwoju Ekonomii Spo\u0142ecznej - Dzia\u0142dowska Agencja Rozwoju S.A.\",\"isPartOf\":{\"@id\":\"https:\\\/\\\/darsa.pl\\\/www\\\/#website\"},\"primaryImageOfPage\":{\"@id\":\"https:\\\/\\\/darsa.pl\\\/www\\\/2023\\\/04\\\/06\\\/prezes-dar-s-a-czlonkiem-warminsko-mazurskiego-komitetu-rozwoju-ekonomii-spolecznej\\\/#primaryimage\"},\"image\":{\"@id\":\"https:\\\/\\\/darsa.pl\\\/www\\\/2023\\\/04\\\/06\\\/prezes-dar-s-a-czlonkiem-warminsko-mazurskiego-komitetu-rozwoju-ekonomii-spolecznej\\\/#primaryimage\"},\"thumbnailUrl\":\"https:\\\/\\\/darsa.pl\\\/www\\\/wp-content\\\/uploads\\\/2023\\\/04\\\/dokument.jpg\",\"datePublished\":\"2023-04-06T19:07:58+00:00\",\"breadcrumb\":{\"@id\":\"https:\\\/\\\/darsa.pl\\\/www\\\/2023\\\/04\\\/06\\\/prezes-dar-s-a-czlonkiem-warminsko-mazurskiego-komitetu-rozwoju-ekonomii-spolecznej\\\/#breadcrumb\"},\"inLanguage\":\"pl-PL\",\"potentialAction\":[{\"@type\":\"ReadAction\",\"target\":[\"https:\\\/\\\/darsa.pl\\\/www\\\/2023\\\/04\\\/06\\\/prezes-dar-s-a-czlonkiem-warminsko-mazurskiego-komitetu-rozwoju-ekonomii-spolecznej\\\/\"]}]},{\"@type\":\"ImageObject\",\"inLanguage\":\"pl-PL\",\"@id\":\"https:\\\/\\\/darsa.pl\\\/www\\\/2023\\\/04\\\/06\\\/prezes-dar-s-a-czlonkiem-warminsko-mazurskiego-komitetu-rozwoju-ekonomii-spolecznej\\\/#primaryimage\",\"url\":\"https:\\\/\\\/darsa.pl\\\/www\\\/wp-content\\\/uploads\\\/2023\\\/04\\\/dokument.jpg\",\"contentUrl\":\"https:\\\/\\\/darsa.pl\\\/www\\\/wp-content\\\/uploads\\\/2023\\\/04\\\/dokument.jpg\",\"width\":519,\"height\":731},{\"@type\":\"BreadcrumbList\",\"@id\":\"https:\\\/\\\/darsa.pl\\\/www\\\/2023\\\/04\\\/06\\\/prezes-dar-s-a-czlonkiem-warminsko-mazurskiego-komitetu-rozwoju-ekonomii-spolecznej\\\/#breadcrumb\",\"itemListElement\":[{\"@type\":\"ListItem\",\"position\":1,\"name\":\"Strona g\u0142\u00f3wna\",\"item\":\"https:\\\/\\\/darsa.pl\\\/www\\\/\"},{\"@type\":\"ListItem\",\"position\":2,\"name\":\"Prezes DAR S.A. cz\u0142onkiem Warmi\u0144sko-Mazurskiego Komitetu Rozwoju Ekonomii Spo\u0142ecznej\"}]},{\"@type\":\"WebSite\",\"@id\":\"https:\\\/\\\/darsa.pl\\\/www\\\/#website\",\"url\":\"https:\\\/\\\/darsa.pl\\\/www\\\/\",\"name\":\"Dzia\u0142dowska Agencja Rozwoju S.A.\",\"description\":\"Wspieranie ma\u0142ych i \u015brednich przedsi\u0119biorstw, edukacja i szkolenia.\",\"publisher\":{\"@id\":\"https:\\\/\\\/darsa.pl\\\/www\\\/#organization\"},\"potentialAction\":[{\"@type\":\"SearchAction\",\"target\":{\"@type\":\"EntryPoint\",\"urlTemplate\":\"https:\\\/\\\/darsa.pl\\\/www\\\/?s={search_term_string}\"},\"query-input\":{\"@type\":\"PropertyValueSpecification\",\"valueRequired\":true,\"valueName\":\"search_term_string\"}}],\"inLanguage\":\"pl-PL\"},{\"@type\":\"Organization\",\"@id\":\"https:\\\/\\\/darsa.pl\\\/www\\\/#organization\",\"name\":\"Dzia\u0142dowska Agencja Rozwoju S.A.\",\"url\":\"https:\\\/\\\/darsa.pl\\\/www\\\/\",\"logo\":{\"@type\":\"ImageObject\",\"inLanguage\":\"pl-PL\",\"@id\":\"https:\\\/\\\/darsa.pl\\\/www\\\/#\\\/schema\\\/logo\\\/image\\\/\",\"url\":\"https:\\\/\\\/darsa.pl\\\/www\\\/wp-content\\\/uploads\\\/2020\\\/06\\\/logo_h200px.png\",\"contentUrl\":\"https:\\\/\\\/darsa.pl\\\/www\\\/wp-content\\\/uploads\\\/2020\\\/06\\\/logo_h200px.png\",\"width\":856,\"height\":200,\"caption\":\"Dzia\u0142dowska Agencja Rozwoju S.A.\"},\"image\":{\"@id\":\"https:\\\/\\\/darsa.pl\\\/www\\\/#\\\/schema\\\/logo\\\/image\\\/\"}},{\"@type\":\"Person\",\"@id\":\"https:\\\/\\\/darsa.pl\\\/www\\\/#\\\/schema\\\/person\\\/3939783f5db8dbd9175f92f4cb31eee6\",\"name\":\"T N\",\"image\":{\"@type\":\"ImageObject\",\"inLanguage\":\"pl-PL\",\"@id\":\"https:\\\/\\\/secure.gravatar.com\\\/avatar\\\/177baa6e12b9ccd06056a16680d4d176e32d8d338c4a48442b8d32e94d715626?s=96&d=mm&r=g\",\"url\":\"https:\\\/\\\/secure.gravatar.com\\\/avatar\\\/177baa6e12b9ccd06056a16680d4d176e32d8d338c4a48442b8d32e94d715626?s=96&d=mm&r=g\",\"contentUrl\":\"https:\\\/\\\/secure.gravatar.com\\\/avatar\\\/177baa6e12b9ccd06056a16680d4d176e32d8d338c4a48442b8d32e94d715626?s=96&d=mm&r=g\",\"caption\":\"T N\"},\"url\":\"https:\\\/\\\/darsa.pl\\\/www\\\/author\\\/t-nac\\\/\"}]}<\/script>\n<!-- \/ Yoast SEO plugin. -->","yoast_head_json":{"title":"Prezes DAR S.A. cz\u0142onkiem Warmi\u0144sko-Mazurskiego Komitetu Rozwoju Ekonomii Spo\u0142ecznej - Dzia\u0142dowska Agencja Rozwoju S.A.","robots":{"index":"index","follow":"follow","max-snippet":"max-snippet:-1","max-image-preview":"max-image-preview:large","max-video-preview":"max-video-preview:-1"},"canonical":"https:\/\/darsa.pl\/www\/2023\/04\/06\/prezes-dar-s-a-czlonkiem-warminsko-mazurskiego-komitetu-rozwoju-ekonomii-spolecznej\/","og_locale":"pl_PL","og_type":"article","og_title":"Prezes DAR S.A. cz\u0142onkiem Warmi\u0144sko-Mazurskiego Komitetu Rozwoju Ekonomii Spo\u0142ecznej - Dzia\u0142dowska Agencja Rozwoju S.A.","og_description":"Pan Roman Dawidowski Prezes Zarz\u0105du DAR S.A. zosta\u0142 jednym z 31 cz\u0142onk\u00f3w Warmi\u0144sko-Mazurskiego Komitetu Rozwoju Ekonomii Spo\u0142ecznej na lata 2023-2026.\u00a0Komitet pe\u0142ni funkcj\u0119 organu konsultacyjnego, opiniuj\u0105cego, doradczego i inicjatywnego Samorz\u0105du Wojew\u00f3dztwa Warmi\u0144sko-Mazurskiego. Komitet \u015bci\u015ble wsp\u00f3\u0142pracuje z Regionalnym O\u015brodkiem Polityki Spo\u0142ecznej w Olsztynie w zakresie promocji ekonomii spo\u0142ecznej w regionie. Dzia\u0142alno\u015b\u0107 komitetu [&hellip;]","og_url":"https:\/\/darsa.pl\/www\/2023\/04\/06\/prezes-dar-s-a-czlonkiem-warminsko-mazurskiego-komitetu-rozwoju-ekonomii-spolecznej\/","og_site_name":"Dzia\u0142dowska Agencja Rozwoju S.A.","article_published_time":"2023-04-06T19:07:58+00:00","og_image":[{"width":519,"height":731,"url":"https:\/\/darsa.pl\/www\/wp-content\/uploads\/2023\/04\/dokument.jpg","type":"image\/jpeg"}],"author":"T N","twitter_card":"summary_large_image","twitter_misc":{"Napisane przez":"T N","Szacowany czas czytania":"1 minuta"},"schema":{"@context":"https:\/\/schema.org","@graph":[{"@type":"Article","@id":"https:\/\/darsa.pl\/www\/2023\/04\/06\/prezes-dar-s-a-czlonkiem-warminsko-mazurskiego-komitetu-rozwoju-ekonomii-spolecznej\/#article","isPartOf":{"@id":"https:\/\/darsa.pl\/www\/2023\/04\/06\/prezes-dar-s-a-czlonkiem-warminsko-mazurskiego-komitetu-rozwoju-ekonomii-spolecznej\/"},"author":{"name":"T N","@id":"https:\/\/darsa.pl\/www\/#\/schema\/person\/3939783f5db8dbd9175f92f4cb31eee6"},"headline":"Prezes DAR S.A. cz\u0142onkiem Warmi\u0144sko-Mazurskiego Komitetu Rozwoju Ekonomii Spo\u0142ecznej","datePublished":"2023-04-06T19:07:58+00:00","mainEntityOfPage":{"@id":"https:\/\/darsa.pl\/www\/2023\/04\/06\/prezes-dar-s-a-czlonkiem-warminsko-mazurskiego-komitetu-rozwoju-ekonomii-spolecznej\/"},"wordCount":105,"publisher":{"@id":"https:\/\/darsa.pl\/www\/#organization"},"image":{"@id":"https:\/\/darsa.pl\/www\/2023\/04\/06\/prezes-dar-s-a-czlonkiem-warminsko-mazurskiego-komitetu-rozwoju-ekonomii-spolecznej\/#primaryimage"},"thumbnailUrl":"https:\/\/darsa.pl\/www\/wp-content\/uploads\/2023\/04\/dokument.jpg","articleSection":["&nbsp;"],"inLanguage":"pl-PL"},{"@type":"WebPage","@id":"https:\/\/darsa.pl\/www\/2023\/04\/06\/prezes-dar-s-a-czlonkiem-warminsko-mazurskiego-komitetu-rozwoju-ekonomii-spolecznej\/","url":"https:\/\/darsa.pl\/www\/2023\/04\/06\/prezes-dar-s-a-czlonkiem-warminsko-mazurskiego-komitetu-rozwoju-ekonomii-spolecznej\/","name":"Prezes DAR S.A. cz\u0142onkiem Warmi\u0144sko-Mazurskiego Komitetu Rozwoju Ekonomii Spo\u0142ecznej - Dzia\u0142dowska Agencja Rozwoju S.A.","isPartOf":{"@id":"https:\/\/darsa.pl\/www\/#website"},"primaryImageOfPage":{"@id":"https:\/\/darsa.pl\/www\/2023\/04\/06\/prezes-dar-s-a-czlonkiem-warminsko-mazurskiego-komitetu-rozwoju-ekonomii-spolecznej\/#primaryimage"},"image":{"@id":"https:\/\/darsa.pl\/www\/2023\/04\/06\/prezes-dar-s-a-czlonkiem-warminsko-mazurskiego-komitetu-rozwoju-ekonomii-spolecznej\/#primaryimage"},"thumbnailUrl":"https:\/\/darsa.pl\/www\/wp-content\/uploads\/2023\/04\/dokument.jpg","datePublished":"2023-04-06T19:07:58+00:00","breadcrumb":{"@id":"https:\/\/darsa.pl\/www\/2023\/04\/06\/prezes-dar-s-a-czlonkiem-warminsko-mazurskiego-komitetu-rozwoju-ekonomii-spolecznej\/#breadcrumb"},"inLanguage":"pl-PL","potentialAction":[{"@type":"ReadAction","target":["https:\/\/darsa.pl\/www\/2023\/04\/06\/prezes-dar-s-a-czlonkiem-warminsko-mazurskiego-komitetu-rozwoju-ekonomii-spolecznej\/"]}]},{"@type":"ImageObject","inLanguage":"pl-PL","@id":"https:\/\/darsa.pl\/www\/2023\/04\/06\/prezes-dar-s-a-czlonkiem-warminsko-mazurskiego-komitetu-rozwoju-ekonomii-spolecznej\/#primaryimage","url":"https:\/\/darsa.pl\/www\/wp-content\/uploads\/2023\/04\/dokument.jpg","contentUrl":"https:\/\/darsa.pl\/www\/wp-content\/uploads\/2023\/04\/dokument.jpg","width":519,"height":731},{"@type":"BreadcrumbList","@id":"https:\/\/darsa.pl\/www\/2023\/04\/06\/prezes-dar-s-a-czlonkiem-warminsko-mazurskiego-komitetu-rozwoju-ekonomii-spolecznej\/#breadcrumb","itemListElement":[{"@type":"ListItem","position":1,"name":"Strona g\u0142\u00f3wna","item":"https:\/\/darsa.pl\/www\/"},{"@type":"ListItem","position":2,"name":"Prezes DAR S.A. cz\u0142onkiem Warmi\u0144sko-Mazurskiego Komitetu Rozwoju Ekonomii Spo\u0142ecznej"}]},{"@type":"WebSite","@id":"https:\/\/darsa.pl\/www\/#website","url":"https:\/\/darsa.pl\/www\/","name":"Dzia\u0142dowska Agencja Rozwoju S.A.","description":"Wspieranie ma\u0142ych i \u015brednich przedsi\u0119biorstw, edukacja i szkolenia.","publisher":{"@id":"https:\/\/darsa.pl\/www\/#organization"},"potentialAction":[{"@type":"SearchAction","target":{"@type":"EntryPoint","urlTemplate":"https:\/\/darsa.pl\/www\/?s={search_term_string}"},"query-input":{"@type":"PropertyValueSpecification","valueRequired":true,"valueName":"search_term_string"}}],"inLanguage":"pl-PL"},{"@type":"Organization","@id":"https:\/\/darsa.pl\/www\/#organization","name":"Dzia\u0142dowska Agencja Rozwoju S.A.","url":"https:\/\/darsa.pl\/www\/","logo":{"@type":"ImageObject","inLanguage":"pl-PL","@id":"https:\/\/darsa.pl\/www\/#\/schema\/logo\/image\/","url":"https:\/\/darsa.pl\/www\/wp-content\/uploads\/2020\/06\/logo_h200px.png","contentUrl":"https:\/\/darsa.pl\/www\/wp-content\/uploads\/2020\/06\/logo_h200px.png","width":856,"height":200,"caption":"Dzia\u0142dowska Agencja Rozwoju S.A."},"image":{"@id":"https:\/\/darsa.pl\/www\/#\/schema\/logo\/image\/"}},{"@type":"Person","@id":"https:\/\/darsa.pl\/www\/#\/schema\/person\/3939783f5db8dbd9175f92f4cb31eee6","name":"T N","image":{"@type":"ImageObject","inLanguage":"pl-PL","@id":"https:\/\/secure.gravatar.com\/avatar\/177baa6e12b9ccd06056a16680d4d176e32d8d338c4a48442b8d32e94d715626?s=96&d=mm&r=g","url":"https:\/\/secure.gravatar.com\/avatar\/177baa6e12b9ccd06056a16680d4d176e32d8d338c4a48442b8d32e94d715626?s=96&d=mm&r=g","contentUrl":"https:\/\/secure.gravatar.com\/avatar\/177baa6e12b9ccd06056a16680d4d176e32d8d338c4a48442b8d32e94d715626?s=96&d=mm&r=g","caption":"T N"},"url":"https:\/\/darsa.pl\/www\/author\/t-nac\/"}]}},"_links":{"self":[{"href":"https:\/\/darsa.pl\/www\/wp-json\/wp\/v2\/posts\/4943","targetHints":{"allow":["GET"]}}],"collection":[{"href":"https:\/\/darsa.pl\/www\/wp-json\/wp\/v2\/posts"}],"about":[{"href":"https:\/\/darsa.pl\/www\/wp-json\/wp\/v2\/types\/post"}],"author":[{"embeddable":true,"href":"https:\/\/darsa.pl\/www\/wp-json\/wp\/v2\/users\/2"}],"replies":[{"embeddable":true,"href":"https:\/\/darsa.pl\/www\/wp-json\/wp\/v2\/comments?post=4943"}],"version-history":[{"count":1,"href":"https:\/\/darsa.pl\/www\/wp-json\/wp\/v2\/posts\/4943\/revisions"}],"predecessor-version":[{"id":4945,"href":"https:\/\/darsa.pl\/www\/wp-json\/wp\/v2\/posts\/4943\/revisions\/4945"}],"wp:featuredmedia":[{"embeddable":true,"href":"https:\/\/darsa.pl\/www\/wp-json\/wp\/v2\/media\/4944"}],"wp:attachment":[{"href":"https:\/\/darsa.pl\/www\/wp-json\/wp\/v2\/media?parent=4943"}],"wp:term":[{"taxonomy":"category","embeddable":true,"href":"https:\/\/darsa.pl\/www\/wp-json\/wp\/v2\/categories?post=4943"},{"taxonomy":"post_tag","embeddable":true,"href":"https:\/\/darsa.pl\/www\/wp-json\/wp\/v2\/tags?post=4943"}],"curies":[{"name":"wp","href":"https:\/\/api.w.org\/{rel}","templated":true}]}}