{"id":4282,"date":"2022-04-07T10:12:23","date_gmt":"2022-04-07T08:12:23","guid":{"rendered":"https:\/\/darsa.pl\/www\/?p=4282"},"modified":"2022-04-07T10:12:23","modified_gmt":"2022-04-07T08:12:23","slug":"zielony-balonik-miejsce-dla-dzieci-z-supermocami","status":"publish","type":"post","link":"https:\/\/darsa.pl\/www\/2022\/04\/07\/zielony-balonik-miejsce-dla-dzieci-z-supermocami\/","title":{"rendered":"Zielony Balonik &#8211; miejsce dla dzieci z supermocami"},"content":{"rendered":"<p><span>Dzia\u0142dowskie Stowarzyszenie Zrozumie\u0107 \u015awiat przy wsp\u00f3\u0142pracy z Dzia\u0142dowsk\u0105 Agencj\u0105 Rozwoju za\u0142o\u017cy\u0142o Punkt Przedszkolny Zielony Balonik. Plac\u00f3wka nastawiona na prac\u0119 z osobami o nieharmonijnym rozwoju &#8211; przeznaczona jest dla 10 dzieci z niepe\u0142nosprawno\u015bciami, g\u0142\u00f3wnie z autyzmem. O szczeg\u00f3\u0142ach opowiada dyrektor Agnieszka Bielicka.<\/span><\/p>\n<p>Link do materia\u0142u: <a href=\"https:\/\/www.facebook.com\/watch\/?v=1021054538834202\" target=\"_blank\" rel=\"noopener\">https:\/\/www.facebook.com\/watch\/?v=1021054538834202<\/a><\/p>\n<p>&nbsp;<\/p>\n<p><em>Materia\u0142 zosta\u0142 przygotowany przez serwis <strong>Moje Dzia\u0142dowo<\/strong>.<\/em><\/p>\n","protected":false},"excerpt":{"rendered":"<p>Dzia\u0142dowskie Stowarzyszenie Zrozumie\u0107 \u015awiat przy wsp\u00f3\u0142pracy z Dzia\u0142dowsk\u0105 Agencj\u0105 Rozwoju za\u0142o\u017cy\u0142o Punkt Przedszkolny Zielony Balonik. Plac\u00f3wka nastawiona na prac\u0119 z osobami o nieharmonijnym rozwoju &#8211; przeznaczona jest dla 10 dzieci z niepe\u0142nosprawno\u015bciami, g\u0142\u00f3wnie z autyzmem. O szczeg\u00f3\u0142ach opowiada dyrektor Agnieszka Bielicka. Link do materia\u0142u: https:\/\/www.facebook.com\/watch\/?v=1021054538834202 &nbsp; Materia\u0142 zosta\u0142 przygotowany przez [&hellip;]<\/p>\n","protected":false},"author":1,"featured_media":4284,"comment_status":"closed","ping_status":"open","sticky":false,"template":"","format":"standard","meta":{"footnotes":""},"categories":[1],"tags":[],"class_list":["post-4282","post","type-post","status-publish","format-standard","has-post-thumbnail","hentry","category-bez-kategorii"],"yoast_head":"<!-- This site is optimized with the Yoast SEO plugin v27.3 - https:\/\/yoast.com\/product\/yoast-seo-wordpress\/ -->\n<title>Zielony Balonik - miejsce dla dzieci z supermocami - Dzia\u0142dowska Agencja Rozwoju S.A.<\/title>\n<meta name=\"robots\" content=\"index, follow, max-snippet:-1, max-image-preview:large, max-video-preview:-1\" \/>\n<link rel=\"canonical\" href=\"https:\/\/darsa.pl\/www\/2022\/04\/07\/zielony-balonik-miejsce-dla-dzieci-z-supermocami\/\" \/>\n<meta property=\"og:locale\" content=\"pl_PL\" \/>\n<meta property=\"og:type\" content=\"article\" \/>\n<meta property=\"og:title\" content=\"Zielony Balonik - miejsce dla dzieci z supermocami - Dzia\u0142dowska Agencja Rozwoju S.A.\" \/>\n<meta property=\"og:description\" content=\"Dzia\u0142dowskie Stowarzyszenie Zrozumie\u0107 \u015awiat przy wsp\u00f3\u0142pracy z Dzia\u0142dowsk\u0105 Agencj\u0105 Rozwoju za\u0142o\u017cy\u0142o Punkt Przedszkolny Zielony Balonik. Plac\u00f3wka nastawiona na prac\u0119 z osobami o nieharmonijnym rozwoju &#8211; przeznaczona jest dla 10 dzieci z niepe\u0142nosprawno\u015bciami, g\u0142\u00f3wnie z autyzmem. O szczeg\u00f3\u0142ach opowiada dyrektor Agnieszka Bielicka. Link do materia\u0142u: https:\/\/www.facebook.com\/watch\/?v=1021054538834202 &nbsp; Materia\u0142 zosta\u0142 przygotowany przez [&hellip;]\" \/>\n<meta property=\"og:url\" content=\"https:\/\/darsa.pl\/www\/2022\/04\/07\/zielony-balonik-miejsce-dla-dzieci-z-supermocami\/\" \/>\n<meta property=\"og:site_name\" content=\"Dzia\u0142dowska Agencja Rozwoju S.A.\" \/>\n<meta property=\"article:published_time\" content=\"2022-04-07T08:12:23+00:00\" \/>\n<meta property=\"og:image\" content=\"https:\/\/darsa.pl\/www\/wp-content\/uploads\/2022\/04\/Bez-nazwy-1-1.png\" \/>\n\t<meta property=\"og:image:width\" content=\"1024\" \/>\n\t<meta property=\"og:image:height\" content=\"554\" \/>\n\t<meta property=\"og:image:type\" content=\"image\/png\" \/>\n<meta name=\"author\" content=\"adm\" \/>\n<meta name=\"twitter:card\" content=\"summary_large_image\" \/>\n<meta name=\"twitter:label1\" content=\"Napisane przez\" \/>\n\t<meta name=\"twitter:data1\" content=\"adm\" \/>\n<script type=\"application\/ld+json\" class=\"yoast-schema-graph\">{\"@context\":\"https:\\\/\\\/schema.org\",\"@graph\":[{\"@type\":\"Article\",\"@id\":\"https:\\\/\\\/darsa.pl\\\/www\\\/2022\\\/04\\\/07\\\/zielony-balonik-miejsce-dla-dzieci-z-supermocami\\\/#article\",\"isPartOf\":{\"@id\":\"https:\\\/\\\/darsa.pl\\\/www\\\/2022\\\/04\\\/07\\\/zielony-balonik-miejsce-dla-dzieci-z-supermocami\\\/\"},\"author\":{\"name\":\"adm\",\"@id\":\"https:\\\/\\\/darsa.pl\\\/www\\\/#\\\/schema\\\/person\\\/4ab860c311e6f0c54365c7b76b6bf94a\"},\"headline\":\"Zielony Balonik &#8211; miejsce dla dzieci z supermocami\",\"datePublished\":\"2022-04-07T08:12:23+00:00\",\"mainEntityOfPage\":{\"@id\":\"https:\\\/\\\/darsa.pl\\\/www\\\/2022\\\/04\\\/07\\\/zielony-balonik-miejsce-dla-dzieci-z-supermocami\\\/\"},\"wordCount\":78,\"publisher\":{\"@id\":\"https:\\\/\\\/darsa.pl\\\/www\\\/#organization\"},\"image\":{\"@id\":\"https:\\\/\\\/darsa.pl\\\/www\\\/2022\\\/04\\\/07\\\/zielony-balonik-miejsce-dla-dzieci-z-supermocami\\\/#primaryimage\"},\"thumbnailUrl\":\"https:\\\/\\\/darsa.pl\\\/www\\\/wp-content\\\/uploads\\\/2022\\\/04\\\/Bez-nazwy-1-1.png\",\"articleSection\":[\"&nbsp;\"],\"inLanguage\":\"pl-PL\"},{\"@type\":\"WebPage\",\"@id\":\"https:\\\/\\\/darsa.pl\\\/www\\\/2022\\\/04\\\/07\\\/zielony-balonik-miejsce-dla-dzieci-z-supermocami\\\/\",\"url\":\"https:\\\/\\\/darsa.pl\\\/www\\\/2022\\\/04\\\/07\\\/zielony-balonik-miejsce-dla-dzieci-z-supermocami\\\/\",\"name\":\"Zielony Balonik - miejsce dla dzieci z supermocami - Dzia\u0142dowska Agencja Rozwoju S.A.\",\"isPartOf\":{\"@id\":\"https:\\\/\\\/darsa.pl\\\/www\\\/#website\"},\"primaryImageOfPage\":{\"@id\":\"https:\\\/\\\/darsa.pl\\\/www\\\/2022\\\/04\\\/07\\\/zielony-balonik-miejsce-dla-dzieci-z-supermocami\\\/#primaryimage\"},\"image\":{\"@id\":\"https:\\\/\\\/darsa.pl\\\/www\\\/2022\\\/04\\\/07\\\/zielony-balonik-miejsce-dla-dzieci-z-supermocami\\\/#primaryimage\"},\"thumbnailUrl\":\"https:\\\/\\\/darsa.pl\\\/www\\\/wp-content\\\/uploads\\\/2022\\\/04\\\/Bez-nazwy-1-1.png\",\"datePublished\":\"2022-04-07T08:12:23+00:00\",\"breadcrumb\":{\"@id\":\"https:\\\/\\\/darsa.pl\\\/www\\\/2022\\\/04\\\/07\\\/zielony-balonik-miejsce-dla-dzieci-z-supermocami\\\/#breadcrumb\"},\"inLanguage\":\"pl-PL\",\"potentialAction\":[{\"@type\":\"ReadAction\",\"target\":[\"https:\\\/\\\/darsa.pl\\\/www\\\/2022\\\/04\\\/07\\\/zielony-balonik-miejsce-dla-dzieci-z-supermocami\\\/\"]}]},{\"@type\":\"ImageObject\",\"inLanguage\":\"pl-PL\",\"@id\":\"https:\\\/\\\/darsa.pl\\\/www\\\/2022\\\/04\\\/07\\\/zielony-balonik-miejsce-dla-dzieci-z-supermocami\\\/#primaryimage\",\"url\":\"https:\\\/\\\/darsa.pl\\\/www\\\/wp-content\\\/uploads\\\/2022\\\/04\\\/Bez-nazwy-1-1.png\",\"contentUrl\":\"https:\\\/\\\/darsa.pl\\\/www\\\/wp-content\\\/uploads\\\/2022\\\/04\\\/Bez-nazwy-1-1.png\",\"width\":1024,\"height\":554},{\"@type\":\"BreadcrumbList\",\"@id\":\"https:\\\/\\\/darsa.pl\\\/www\\\/2022\\\/04\\\/07\\\/zielony-balonik-miejsce-dla-dzieci-z-supermocami\\\/#breadcrumb\",\"itemListElement\":[{\"@type\":\"ListItem\",\"position\":1,\"name\":\"Strona g\u0142\u00f3wna\",\"item\":\"https:\\\/\\\/darsa.pl\\\/www\\\/\"},{\"@type\":\"ListItem\",\"position\":2,\"name\":\"Zielony Balonik &#8211; miejsce dla dzieci z supermocami\"}]},{\"@type\":\"WebSite\",\"@id\":\"https:\\\/\\\/darsa.pl\\\/www\\\/#website\",\"url\":\"https:\\\/\\\/darsa.pl\\\/www\\\/\",\"name\":\"Dzia\u0142dowska Agencja Rozwoju S.A.\",\"description\":\"Wspieranie ma\u0142ych i \u015brednich przedsi\u0119biorstw, edukacja i szkolenia.\",\"publisher\":{\"@id\":\"https:\\\/\\\/darsa.pl\\\/www\\\/#organization\"},\"potentialAction\":[{\"@type\":\"SearchAction\",\"target\":{\"@type\":\"EntryPoint\",\"urlTemplate\":\"https:\\\/\\\/darsa.pl\\\/www\\\/?s={search_term_string}\"},\"query-input\":{\"@type\":\"PropertyValueSpecification\",\"valueRequired\":true,\"valueName\":\"search_term_string\"}}],\"inLanguage\":\"pl-PL\"},{\"@type\":\"Organization\",\"@id\":\"https:\\\/\\\/darsa.pl\\\/www\\\/#organization\",\"name\":\"Dzia\u0142dowska Agencja Rozwoju S.A.\",\"url\":\"https:\\\/\\\/darsa.pl\\\/www\\\/\",\"logo\":{\"@type\":\"ImageObject\",\"inLanguage\":\"pl-PL\",\"@id\":\"https:\\\/\\\/darsa.pl\\\/www\\\/#\\\/schema\\\/logo\\\/image\\\/\",\"url\":\"https:\\\/\\\/darsa.pl\\\/www\\\/wp-content\\\/uploads\\\/2020\\\/06\\\/logo_h200px.png\",\"contentUrl\":\"https:\\\/\\\/darsa.pl\\\/www\\\/wp-content\\\/uploads\\\/2020\\\/06\\\/logo_h200px.png\",\"width\":856,\"height\":200,\"caption\":\"Dzia\u0142dowska Agencja Rozwoju S.A.\"},\"image\":{\"@id\":\"https:\\\/\\\/darsa.pl\\\/www\\\/#\\\/schema\\\/logo\\\/image\\\/\"}},{\"@type\":\"Person\",\"@id\":\"https:\\\/\\\/darsa.pl\\\/www\\\/#\\\/schema\\\/person\\\/4ab860c311e6f0c54365c7b76b6bf94a\",\"name\":\"adm\",\"image\":{\"@type\":\"ImageObject\",\"inLanguage\":\"pl-PL\",\"@id\":\"https:\\\/\\\/secure.gravatar.com\\\/avatar\\\/ee5ba569e71d2f8e78d549083e35e8659abc37adf85c4b481b548a7371c1c199?s=96&d=mm&r=g\",\"url\":\"https:\\\/\\\/secure.gravatar.com\\\/avatar\\\/ee5ba569e71d2f8e78d549083e35e8659abc37adf85c4b481b548a7371c1c199?s=96&d=mm&r=g\",\"contentUrl\":\"https:\\\/\\\/secure.gravatar.com\\\/avatar\\\/ee5ba569e71d2f8e78d549083e35e8659abc37adf85c4b481b548a7371c1c199?s=96&d=mm&r=g\",\"caption\":\"adm\"},\"sameAs\":[\"https:\\\/\\\/darsa.pl\\\/www\"],\"url\":\"https:\\\/\\\/darsa.pl\\\/www\\\/author\\\/adm\\\/\"}]}<\/script>\n<!-- \/ Yoast SEO plugin. -->","yoast_head_json":{"title":"Zielony Balonik - miejsce dla dzieci z supermocami - Dzia\u0142dowska Agencja Rozwoju S.A.","robots":{"index":"index","follow":"follow","max-snippet":"max-snippet:-1","max-image-preview":"max-image-preview:large","max-video-preview":"max-video-preview:-1"},"canonical":"https:\/\/darsa.pl\/www\/2022\/04\/07\/zielony-balonik-miejsce-dla-dzieci-z-supermocami\/","og_locale":"pl_PL","og_type":"article","og_title":"Zielony Balonik - miejsce dla dzieci z supermocami - Dzia\u0142dowska Agencja Rozwoju S.A.","og_description":"Dzia\u0142dowskie Stowarzyszenie Zrozumie\u0107 \u015awiat przy wsp\u00f3\u0142pracy z Dzia\u0142dowsk\u0105 Agencj\u0105 Rozwoju za\u0142o\u017cy\u0142o Punkt Przedszkolny Zielony Balonik. Plac\u00f3wka nastawiona na prac\u0119 z osobami o nieharmonijnym rozwoju &#8211; przeznaczona jest dla 10 dzieci z niepe\u0142nosprawno\u015bciami, g\u0142\u00f3wnie z autyzmem. O szczeg\u00f3\u0142ach opowiada dyrektor Agnieszka Bielicka. Link do materia\u0142u: https:\/\/www.facebook.com\/watch\/?v=1021054538834202 &nbsp; Materia\u0142 zosta\u0142 przygotowany przez [&hellip;]","og_url":"https:\/\/darsa.pl\/www\/2022\/04\/07\/zielony-balonik-miejsce-dla-dzieci-z-supermocami\/","og_site_name":"Dzia\u0142dowska Agencja Rozwoju S.A.","article_published_time":"2022-04-07T08:12:23+00:00","og_image":[{"width":1024,"height":554,"url":"https:\/\/darsa.pl\/www\/wp-content\/uploads\/2022\/04\/Bez-nazwy-1-1.png","type":"image\/png"}],"author":"adm","twitter_card":"summary_large_image","twitter_misc":{"Napisane przez":"adm"},"schema":{"@context":"https:\/\/schema.org","@graph":[{"@type":"Article","@id":"https:\/\/darsa.pl\/www\/2022\/04\/07\/zielony-balonik-miejsce-dla-dzieci-z-supermocami\/#article","isPartOf":{"@id":"https:\/\/darsa.pl\/www\/2022\/04\/07\/zielony-balonik-miejsce-dla-dzieci-z-supermocami\/"},"author":{"name":"adm","@id":"https:\/\/darsa.pl\/www\/#\/schema\/person\/4ab860c311e6f0c54365c7b76b6bf94a"},"headline":"Zielony Balonik &#8211; miejsce dla dzieci z supermocami","datePublished":"2022-04-07T08:12:23+00:00","mainEntityOfPage":{"@id":"https:\/\/darsa.pl\/www\/2022\/04\/07\/zielony-balonik-miejsce-dla-dzieci-z-supermocami\/"},"wordCount":78,"publisher":{"@id":"https:\/\/darsa.pl\/www\/#organization"},"image":{"@id":"https:\/\/darsa.pl\/www\/2022\/04\/07\/zielony-balonik-miejsce-dla-dzieci-z-supermocami\/#primaryimage"},"thumbnailUrl":"https:\/\/darsa.pl\/www\/wp-content\/uploads\/2022\/04\/Bez-nazwy-1-1.png","articleSection":["&nbsp;"],"inLanguage":"pl-PL"},{"@type":"WebPage","@id":"https:\/\/darsa.pl\/www\/2022\/04\/07\/zielony-balonik-miejsce-dla-dzieci-z-supermocami\/","url":"https:\/\/darsa.pl\/www\/2022\/04\/07\/zielony-balonik-miejsce-dla-dzieci-z-supermocami\/","name":"Zielony Balonik - miejsce dla dzieci z supermocami - Dzia\u0142dowska Agencja Rozwoju S.A.","isPartOf":{"@id":"https:\/\/darsa.pl\/www\/#website"},"primaryImageOfPage":{"@id":"https:\/\/darsa.pl\/www\/2022\/04\/07\/zielony-balonik-miejsce-dla-dzieci-z-supermocami\/#primaryimage"},"image":{"@id":"https:\/\/darsa.pl\/www\/2022\/04\/07\/zielony-balonik-miejsce-dla-dzieci-z-supermocami\/#primaryimage"},"thumbnailUrl":"https:\/\/darsa.pl\/www\/wp-content\/uploads\/2022\/04\/Bez-nazwy-1-1.png","datePublished":"2022-04-07T08:12:23+00:00","breadcrumb":{"@id":"https:\/\/darsa.pl\/www\/2022\/04\/07\/zielony-balonik-miejsce-dla-dzieci-z-supermocami\/#breadcrumb"},"inLanguage":"pl-PL","potentialAction":[{"@type":"ReadAction","target":["https:\/\/darsa.pl\/www\/2022\/04\/07\/zielony-balonik-miejsce-dla-dzieci-z-supermocami\/"]}]},{"@type":"ImageObject","inLanguage":"pl-PL","@id":"https:\/\/darsa.pl\/www\/2022\/04\/07\/zielony-balonik-miejsce-dla-dzieci-z-supermocami\/#primaryimage","url":"https:\/\/darsa.pl\/www\/wp-content\/uploads\/2022\/04\/Bez-nazwy-1-1.png","contentUrl":"https:\/\/darsa.pl\/www\/wp-content\/uploads\/2022\/04\/Bez-nazwy-1-1.png","width":1024,"height":554},{"@type":"BreadcrumbList","@id":"https:\/\/darsa.pl\/www\/2022\/04\/07\/zielony-balonik-miejsce-dla-dzieci-z-supermocami\/#breadcrumb","itemListElement":[{"@type":"ListItem","position":1,"name":"Strona g\u0142\u00f3wna","item":"https:\/\/darsa.pl\/www\/"},{"@type":"ListItem","position":2,"name":"Zielony Balonik &#8211; miejsce dla dzieci z supermocami"}]},{"@type":"WebSite","@id":"https:\/\/darsa.pl\/www\/#website","url":"https:\/\/darsa.pl\/www\/","name":"Dzia\u0142dowska Agencja Rozwoju S.A.","description":"Wspieranie ma\u0142ych i \u015brednich przedsi\u0119biorstw, edukacja i szkolenia.","publisher":{"@id":"https:\/\/darsa.pl\/www\/#organization"},"potentialAction":[{"@type":"SearchAction","target":{"@type":"EntryPoint","urlTemplate":"https:\/\/darsa.pl\/www\/?s={search_term_string}"},"query-input":{"@type":"PropertyValueSpecification","valueRequired":true,"valueName":"search_term_string"}}],"inLanguage":"pl-PL"},{"@type":"Organization","@id":"https:\/\/darsa.pl\/www\/#organization","name":"Dzia\u0142dowska Agencja Rozwoju S.A.","url":"https:\/\/darsa.pl\/www\/","logo":{"@type":"ImageObject","inLanguage":"pl-PL","@id":"https:\/\/darsa.pl\/www\/#\/schema\/logo\/image\/","url":"https:\/\/darsa.pl\/www\/wp-content\/uploads\/2020\/06\/logo_h200px.png","contentUrl":"https:\/\/darsa.pl\/www\/wp-content\/uploads\/2020\/06\/logo_h200px.png","width":856,"height":200,"caption":"Dzia\u0142dowska Agencja Rozwoju S.A."},"image":{"@id":"https:\/\/darsa.pl\/www\/#\/schema\/logo\/image\/"}},{"@type":"Person","@id":"https:\/\/darsa.pl\/www\/#\/schema\/person\/4ab860c311e6f0c54365c7b76b6bf94a","name":"adm","image":{"@type":"ImageObject","inLanguage":"pl-PL","@id":"https:\/\/secure.gravatar.com\/avatar\/ee5ba569e71d2f8e78d549083e35e8659abc37adf85c4b481b548a7371c1c199?s=96&d=mm&r=g","url":"https:\/\/secure.gravatar.com\/avatar\/ee5ba569e71d2f8e78d549083e35e8659abc37adf85c4b481b548a7371c1c199?s=96&d=mm&r=g","contentUrl":"https:\/\/secure.gravatar.com\/avatar\/ee5ba569e71d2f8e78d549083e35e8659abc37adf85c4b481b548a7371c1c199?s=96&d=mm&r=g","caption":"adm"},"sameAs":["https:\/\/darsa.pl\/www"],"url":"https:\/\/darsa.pl\/www\/author\/adm\/"}]}},"_links":{"self":[{"href":"https:\/\/darsa.pl\/www\/wp-json\/wp\/v2\/posts\/4282","targetHints":{"allow":["GET"]}}],"collection":[{"href":"https:\/\/darsa.pl\/www\/wp-json\/wp\/v2\/posts"}],"about":[{"href":"https:\/\/darsa.pl\/www\/wp-json\/wp\/v2\/types\/post"}],"author":[{"embeddable":true,"href":"https:\/\/darsa.pl\/www\/wp-json\/wp\/v2\/users\/1"}],"replies":[{"embeddable":true,"href":"https:\/\/darsa.pl\/www\/wp-json\/wp\/v2\/comments?post=4282"}],"version-history":[{"count":1,"href":"https:\/\/darsa.pl\/www\/wp-json\/wp\/v2\/posts\/4282\/revisions"}],"predecessor-version":[{"id":4285,"href":"https:\/\/darsa.pl\/www\/wp-json\/wp\/v2\/posts\/4282\/revisions\/4285"}],"wp:featuredmedia":[{"embeddable":true,"href":"https:\/\/darsa.pl\/www\/wp-json\/wp\/v2\/media\/4284"}],"wp:attachment":[{"href":"https:\/\/darsa.pl\/www\/wp-json\/wp\/v2\/media?parent=4282"}],"wp:term":[{"taxonomy":"category","embeddable":true,"href":"https:\/\/darsa.pl\/www\/wp-json\/wp\/v2\/categories?post=4282"},{"taxonomy":"post_tag","embeddable":true,"href":"https:\/\/darsa.pl\/www\/wp-json\/wp\/v2\/tags?post=4282"}],"curies":[{"name":"wp","href":"https:\/\/api.w.org\/{rel}","templated":true}]}}