{"id":3772,"date":"2021-11-30T14:27:42","date_gmt":"2021-11-30T13:27:42","guid":{"rendered":"https:\/\/darsa.pl\/www\/?p=3772"},"modified":"2021-11-30T14:35:00","modified_gmt":"2021-11-30T13:35:00","slug":"wernisaz-dietera-lubczyka-moje-wzruszenia","status":"publish","type":"post","link":"https:\/\/darsa.pl\/www\/2021\/11\/30\/wernisaz-dietera-lubczyka-moje-wzruszenia\/","title":{"rendered":"Wernisa\u017c Dietera Lubczyka &#8222;Moje Wzruszenia&#8221;"},"content":{"rendered":"<p>Dzia\u0142dowska Agencja Rozwoju S.A., Dzia\u0142dowski O\u015brodek Doskonalenia Nauczycieli DAR oraz Lokalny O\u015brodek Wiedzy i Edukacji w Dzia\u0142dowie serdecznie zapraszaj\u0105 na <strong>WERNISA\u017b DIETERA LUBCZYKA &#8222;Moje Wzruszenia&#8221;<\/strong>.<\/p>\n<p>Artysta, dla kt\u00f3rego mottem przewodnim sta\u0142y si\u0119 s\u0142owa Picassa: <em>&#8222;Wszystkie dzieci s\u0105 artystami. Problem polega na tym, jak pozosta\u0107 artyst\u0105 b\u0119d\u0105c doros\u0142ym&#8221;<\/em>, pracuje w oparciu o r\u00f3\u017cnorodne techniki malarskie (akwarela, akryl, pastel, olej), a jego dzie\u0142a charakteryzuj\u0105 si\u0119 intensywn\u0105 kolorystyk\u0105. Malarz anga\u017cuje si\u0119 r\u00f3wnie\u017c w prac\u0119 z dzie\u0107mi i m\u0142odzie\u017c\u0105, staraj\u0105c si\u0119 pobudzi\u0107 m\u0142odych ludzi do rozwijania talent\u00f3w plastycznych.<\/p>\n<p>B\u0119dzie nam niezwykle mi\u0142o go\u015bci\u0107 wszystkich pasjonat\u00f3w sztuki na wystawie w:<br \/>\n<strong>Centrum Kszta\u0142cenia Ustawicznego DAR w Dzia\u0142dowie<\/strong><br \/>\nTermin: <strong>4 grudnia 2021 r., godz.: 17:00<\/strong><\/p>\n<p><a href=\"https:\/\/darsa.pl\/www\/wp-content\/uploads\/2021\/11\/wernisaz_2020_dzialdowo.jpg\"><img fetchpriority=\"high\" decoding=\"async\" src=\"https:\/\/darsa.pl\/www\/wp-content\/uploads\/2021\/11\/wernisaz_2020_dzialdowo-1024x483.jpg\" alt=\"\" width=\"750\" height=\"354\" class=\"aligncenter wp-image-3773 size-large\" srcset=\"https:\/\/darsa.pl\/www\/wp-content\/uploads\/2021\/11\/wernisaz_2020_dzialdowo-1024x483.jpg 1024w, https:\/\/darsa.pl\/www\/wp-content\/uploads\/2021\/11\/wernisaz_2020_dzialdowo-300x141.jpg 300w, https:\/\/darsa.pl\/www\/wp-content\/uploads\/2021\/11\/wernisaz_2020_dzialdowo-768x362.jpg 768w, https:\/\/darsa.pl\/www\/wp-content\/uploads\/2021\/11\/wernisaz_2020_dzialdowo-1536x724.jpg 1536w, https:\/\/darsa.pl\/www\/wp-content\/uploads\/2021\/11\/wernisaz_2020_dzialdowo.jpg 2000w\" sizes=\"(max-width: 750px) 100vw, 750px\" \/><\/a><\/p>\n","protected":false},"excerpt":{"rendered":"<p>Dzia\u0142dowska Agencja Rozwoju S.A., Dzia\u0142dowski O\u015brodek Doskonalenia Nauczycieli DAR oraz Lokalny O\u015brodek Wiedzy i Edukacji w Dzia\u0142dowie serdecznie zapraszaj\u0105 na WERNISA\u017b DIETERA LUBCZYKA &#8222;Moje Wzruszenia&#8221;. Artysta, dla kt\u00f3rego mottem przewodnim sta\u0142y si\u0119 s\u0142owa Picassa: &#8222;Wszystkie dzieci s\u0105 artystami. Problem polega na tym, jak pozosta\u0107 artyst\u0105 b\u0119d\u0105c doros\u0142ym&#8221;, pracuje w oparciu [&hellip;]<\/p>\n","protected":false},"author":1,"featured_media":3773,"comment_status":"closed","ping_status":"open","sticky":false,"template":"","format":"standard","meta":{"footnotes":""},"categories":[1],"tags":[],"class_list":["post-3772","post","type-post","status-publish","format-standard","has-post-thumbnail","hentry","category-bez-kategorii"],"yoast_head":"<!-- This site is optimized with the Yoast SEO plugin v27.3 - https:\/\/yoast.com\/product\/yoast-seo-wordpress\/ -->\n<title>Wernisa\u017c Dietera Lubczyka &quot;Moje Wzruszenia&quot; - Dzia\u0142dowska Agencja Rozwoju S.A.<\/title>\n<meta name=\"robots\" content=\"index, follow, max-snippet:-1, max-image-preview:large, max-video-preview:-1\" \/>\n<link rel=\"canonical\" href=\"https:\/\/darsa.pl\/www\/2021\/11\/30\/wernisaz-dietera-lubczyka-moje-wzruszenia\/\" \/>\n<meta property=\"og:locale\" content=\"pl_PL\" \/>\n<meta property=\"og:type\" content=\"article\" \/>\n<meta property=\"og:title\" content=\"Wernisa\u017c Dietera Lubczyka &quot;Moje Wzruszenia&quot; - Dzia\u0142dowska Agencja Rozwoju S.A.\" \/>\n<meta property=\"og:description\" content=\"Dzia\u0142dowska Agencja Rozwoju S.A., Dzia\u0142dowski O\u015brodek Doskonalenia Nauczycieli DAR oraz Lokalny O\u015brodek Wiedzy i Edukacji w Dzia\u0142dowie serdecznie zapraszaj\u0105 na WERNISA\u017b DIETERA LUBCZYKA &#8222;Moje Wzruszenia&#8221;. Artysta, dla kt\u00f3rego mottem przewodnim sta\u0142y si\u0119 s\u0142owa Picassa: &#8222;Wszystkie dzieci s\u0105 artystami. Problem polega na tym, jak pozosta\u0107 artyst\u0105 b\u0119d\u0105c doros\u0142ym&#8221;, pracuje w oparciu [&hellip;]\" \/>\n<meta property=\"og:url\" content=\"https:\/\/darsa.pl\/www\/2021\/11\/30\/wernisaz-dietera-lubczyka-moje-wzruszenia\/\" \/>\n<meta property=\"og:site_name\" content=\"Dzia\u0142dowska Agencja Rozwoju S.A.\" \/>\n<meta property=\"article:published_time\" content=\"2021-11-30T13:27:42+00:00\" \/>\n<meta property=\"article:modified_time\" content=\"2021-11-30T13:35:00+00:00\" \/>\n<meta property=\"og:image\" content=\"https:\/\/darsa.pl\/www\/wp-content\/uploads\/2021\/11\/wernisaz_2020_dzialdowo.jpg\" \/>\n\t<meta property=\"og:image:width\" content=\"2000\" \/>\n\t<meta property=\"og:image:height\" content=\"943\" \/>\n\t<meta property=\"og:image:type\" content=\"image\/jpeg\" \/>\n<meta name=\"author\" content=\"adm\" \/>\n<meta name=\"twitter:card\" content=\"summary_large_image\" \/>\n<meta name=\"twitter:label1\" content=\"Napisane przez\" \/>\n\t<meta name=\"twitter:data1\" content=\"adm\" \/>\n\t<meta name=\"twitter:label2\" content=\"Szacowany czas czytania\" \/>\n\t<meta name=\"twitter:data2\" content=\"1 minuta\" \/>\n<script type=\"application\/ld+json\" class=\"yoast-schema-graph\">{\"@context\":\"https:\\\/\\\/schema.org\",\"@graph\":[{\"@type\":\"Article\",\"@id\":\"https:\\\/\\\/darsa.pl\\\/www\\\/2021\\\/11\\\/30\\\/wernisaz-dietera-lubczyka-moje-wzruszenia\\\/#article\",\"isPartOf\":{\"@id\":\"https:\\\/\\\/darsa.pl\\\/www\\\/2021\\\/11\\\/30\\\/wernisaz-dietera-lubczyka-moje-wzruszenia\\\/\"},\"author\":{\"name\":\"adm\",\"@id\":\"https:\\\/\\\/darsa.pl\\\/www\\\/#\\\/schema\\\/person\\\/4ab860c311e6f0c54365c7b76b6bf94a\"},\"headline\":\"Wernisa\u017c Dietera Lubczyka &#8222;Moje Wzruszenia&#8221;\",\"datePublished\":\"2021-11-30T13:27:42+00:00\",\"dateModified\":\"2021-11-30T13:35:00+00:00\",\"mainEntityOfPage\":{\"@id\":\"https:\\\/\\\/darsa.pl\\\/www\\\/2021\\\/11\\\/30\\\/wernisaz-dietera-lubczyka-moje-wzruszenia\\\/\"},\"wordCount\":137,\"publisher\":{\"@id\":\"https:\\\/\\\/darsa.pl\\\/www\\\/#organization\"},\"image\":{\"@id\":\"https:\\\/\\\/darsa.pl\\\/www\\\/2021\\\/11\\\/30\\\/wernisaz-dietera-lubczyka-moje-wzruszenia\\\/#primaryimage\"},\"thumbnailUrl\":\"https:\\\/\\\/darsa.pl\\\/www\\\/wp-content\\\/uploads\\\/2021\\\/11\\\/wernisaz_2020_dzialdowo.jpg\",\"articleSection\":[\"&nbsp;\"],\"inLanguage\":\"pl-PL\"},{\"@type\":\"WebPage\",\"@id\":\"https:\\\/\\\/darsa.pl\\\/www\\\/2021\\\/11\\\/30\\\/wernisaz-dietera-lubczyka-moje-wzruszenia\\\/\",\"url\":\"https:\\\/\\\/darsa.pl\\\/www\\\/2021\\\/11\\\/30\\\/wernisaz-dietera-lubczyka-moje-wzruszenia\\\/\",\"name\":\"Wernisa\u017c Dietera Lubczyka \\\"Moje Wzruszenia\\\" - Dzia\u0142dowska Agencja Rozwoju S.A.\",\"isPartOf\":{\"@id\":\"https:\\\/\\\/darsa.pl\\\/www\\\/#website\"},\"primaryImageOfPage\":{\"@id\":\"https:\\\/\\\/darsa.pl\\\/www\\\/2021\\\/11\\\/30\\\/wernisaz-dietera-lubczyka-moje-wzruszenia\\\/#primaryimage\"},\"image\":{\"@id\":\"https:\\\/\\\/darsa.pl\\\/www\\\/2021\\\/11\\\/30\\\/wernisaz-dietera-lubczyka-moje-wzruszenia\\\/#primaryimage\"},\"thumbnailUrl\":\"https:\\\/\\\/darsa.pl\\\/www\\\/wp-content\\\/uploads\\\/2021\\\/11\\\/wernisaz_2020_dzialdowo.jpg\",\"datePublished\":\"2021-11-30T13:27:42+00:00\",\"dateModified\":\"2021-11-30T13:35:00+00:00\",\"breadcrumb\":{\"@id\":\"https:\\\/\\\/darsa.pl\\\/www\\\/2021\\\/11\\\/30\\\/wernisaz-dietera-lubczyka-moje-wzruszenia\\\/#breadcrumb\"},\"inLanguage\":\"pl-PL\",\"potentialAction\":[{\"@type\":\"ReadAction\",\"target\":[\"https:\\\/\\\/darsa.pl\\\/www\\\/2021\\\/11\\\/30\\\/wernisaz-dietera-lubczyka-moje-wzruszenia\\\/\"]}]},{\"@type\":\"ImageObject\",\"inLanguage\":\"pl-PL\",\"@id\":\"https:\\\/\\\/darsa.pl\\\/www\\\/2021\\\/11\\\/30\\\/wernisaz-dietera-lubczyka-moje-wzruszenia\\\/#primaryimage\",\"url\":\"https:\\\/\\\/darsa.pl\\\/www\\\/wp-content\\\/uploads\\\/2021\\\/11\\\/wernisaz_2020_dzialdowo.jpg\",\"contentUrl\":\"https:\\\/\\\/darsa.pl\\\/www\\\/wp-content\\\/uploads\\\/2021\\\/11\\\/wernisaz_2020_dzialdowo.jpg\",\"width\":2000,\"height\":943},{\"@type\":\"BreadcrumbList\",\"@id\":\"https:\\\/\\\/darsa.pl\\\/www\\\/2021\\\/11\\\/30\\\/wernisaz-dietera-lubczyka-moje-wzruszenia\\\/#breadcrumb\",\"itemListElement\":[{\"@type\":\"ListItem\",\"position\":1,\"name\":\"Strona g\u0142\u00f3wna\",\"item\":\"https:\\\/\\\/darsa.pl\\\/www\\\/\"},{\"@type\":\"ListItem\",\"position\":2,\"name\":\"Wernisa\u017c Dietera Lubczyka &#8220;Moje Wzruszenia&#8221;\"}]},{\"@type\":\"WebSite\",\"@id\":\"https:\\\/\\\/darsa.pl\\\/www\\\/#website\",\"url\":\"https:\\\/\\\/darsa.pl\\\/www\\\/\",\"name\":\"Dzia\u0142dowska Agencja Rozwoju S.A.\",\"description\":\"Wspieranie ma\u0142ych i \u015brednich przedsi\u0119biorstw, edukacja i szkolenia.\",\"publisher\":{\"@id\":\"https:\\\/\\\/darsa.pl\\\/www\\\/#organization\"},\"potentialAction\":[{\"@type\":\"SearchAction\",\"target\":{\"@type\":\"EntryPoint\",\"urlTemplate\":\"https:\\\/\\\/darsa.pl\\\/www\\\/?s={search_term_string}\"},\"query-input\":{\"@type\":\"PropertyValueSpecification\",\"valueRequired\":true,\"valueName\":\"search_term_string\"}}],\"inLanguage\":\"pl-PL\"},{\"@type\":\"Organization\",\"@id\":\"https:\\\/\\\/darsa.pl\\\/www\\\/#organization\",\"name\":\"Dzia\u0142dowska Agencja Rozwoju S.A.\",\"url\":\"https:\\\/\\\/darsa.pl\\\/www\\\/\",\"logo\":{\"@type\":\"ImageObject\",\"inLanguage\":\"pl-PL\",\"@id\":\"https:\\\/\\\/darsa.pl\\\/www\\\/#\\\/schema\\\/logo\\\/image\\\/\",\"url\":\"https:\\\/\\\/darsa.pl\\\/www\\\/wp-content\\\/uploads\\\/2020\\\/06\\\/logo_h200px.png\",\"contentUrl\":\"https:\\\/\\\/darsa.pl\\\/www\\\/wp-content\\\/uploads\\\/2020\\\/06\\\/logo_h200px.png\",\"width\":856,\"height\":200,\"caption\":\"Dzia\u0142dowska Agencja Rozwoju S.A.\"},\"image\":{\"@id\":\"https:\\\/\\\/darsa.pl\\\/www\\\/#\\\/schema\\\/logo\\\/image\\\/\"}},{\"@type\":\"Person\",\"@id\":\"https:\\\/\\\/darsa.pl\\\/www\\\/#\\\/schema\\\/person\\\/4ab860c311e6f0c54365c7b76b6bf94a\",\"name\":\"adm\",\"image\":{\"@type\":\"ImageObject\",\"inLanguage\":\"pl-PL\",\"@id\":\"https:\\\/\\\/secure.gravatar.com\\\/avatar\\\/ee5ba569e71d2f8e78d549083e35e8659abc37adf85c4b481b548a7371c1c199?s=96&d=mm&r=g\",\"url\":\"https:\\\/\\\/secure.gravatar.com\\\/avatar\\\/ee5ba569e71d2f8e78d549083e35e8659abc37adf85c4b481b548a7371c1c199?s=96&d=mm&r=g\",\"contentUrl\":\"https:\\\/\\\/secure.gravatar.com\\\/avatar\\\/ee5ba569e71d2f8e78d549083e35e8659abc37adf85c4b481b548a7371c1c199?s=96&d=mm&r=g\",\"caption\":\"adm\"},\"sameAs\":[\"https:\\\/\\\/darsa.pl\\\/www\"],\"url\":\"https:\\\/\\\/darsa.pl\\\/www\\\/author\\\/adm\\\/\"}]}<\/script>\n<!-- \/ Yoast SEO plugin. -->","yoast_head_json":{"title":"Wernisa\u017c Dietera Lubczyka \"Moje Wzruszenia\" - Dzia\u0142dowska Agencja Rozwoju S.A.","robots":{"index":"index","follow":"follow","max-snippet":"max-snippet:-1","max-image-preview":"max-image-preview:large","max-video-preview":"max-video-preview:-1"},"canonical":"https:\/\/darsa.pl\/www\/2021\/11\/30\/wernisaz-dietera-lubczyka-moje-wzruszenia\/","og_locale":"pl_PL","og_type":"article","og_title":"Wernisa\u017c Dietera Lubczyka \"Moje Wzruszenia\" - Dzia\u0142dowska Agencja Rozwoju S.A.","og_description":"Dzia\u0142dowska Agencja Rozwoju S.A., Dzia\u0142dowski O\u015brodek Doskonalenia Nauczycieli DAR oraz Lokalny O\u015brodek Wiedzy i Edukacji w Dzia\u0142dowie serdecznie zapraszaj\u0105 na WERNISA\u017b DIETERA LUBCZYKA &#8222;Moje Wzruszenia&#8221;. Artysta, dla kt\u00f3rego mottem przewodnim sta\u0142y si\u0119 s\u0142owa Picassa: &#8222;Wszystkie dzieci s\u0105 artystami. Problem polega na tym, jak pozosta\u0107 artyst\u0105 b\u0119d\u0105c doros\u0142ym&#8221;, pracuje w oparciu [&hellip;]","og_url":"https:\/\/darsa.pl\/www\/2021\/11\/30\/wernisaz-dietera-lubczyka-moje-wzruszenia\/","og_site_name":"Dzia\u0142dowska Agencja Rozwoju S.A.","article_published_time":"2021-11-30T13:27:42+00:00","article_modified_time":"2021-11-30T13:35:00+00:00","og_image":[{"width":2000,"height":943,"url":"https:\/\/darsa.pl\/www\/wp-content\/uploads\/2021\/11\/wernisaz_2020_dzialdowo.jpg","type":"image\/jpeg"}],"author":"adm","twitter_card":"summary_large_image","twitter_misc":{"Napisane przez":"adm","Szacowany czas czytania":"1 minuta"},"schema":{"@context":"https:\/\/schema.org","@graph":[{"@type":"Article","@id":"https:\/\/darsa.pl\/www\/2021\/11\/30\/wernisaz-dietera-lubczyka-moje-wzruszenia\/#article","isPartOf":{"@id":"https:\/\/darsa.pl\/www\/2021\/11\/30\/wernisaz-dietera-lubczyka-moje-wzruszenia\/"},"author":{"name":"adm","@id":"https:\/\/darsa.pl\/www\/#\/schema\/person\/4ab860c311e6f0c54365c7b76b6bf94a"},"headline":"Wernisa\u017c Dietera Lubczyka &#8222;Moje Wzruszenia&#8221;","datePublished":"2021-11-30T13:27:42+00:00","dateModified":"2021-11-30T13:35:00+00:00","mainEntityOfPage":{"@id":"https:\/\/darsa.pl\/www\/2021\/11\/30\/wernisaz-dietera-lubczyka-moje-wzruszenia\/"},"wordCount":137,"publisher":{"@id":"https:\/\/darsa.pl\/www\/#organization"},"image":{"@id":"https:\/\/darsa.pl\/www\/2021\/11\/30\/wernisaz-dietera-lubczyka-moje-wzruszenia\/#primaryimage"},"thumbnailUrl":"https:\/\/darsa.pl\/www\/wp-content\/uploads\/2021\/11\/wernisaz_2020_dzialdowo.jpg","articleSection":["&nbsp;"],"inLanguage":"pl-PL"},{"@type":"WebPage","@id":"https:\/\/darsa.pl\/www\/2021\/11\/30\/wernisaz-dietera-lubczyka-moje-wzruszenia\/","url":"https:\/\/darsa.pl\/www\/2021\/11\/30\/wernisaz-dietera-lubczyka-moje-wzruszenia\/","name":"Wernisa\u017c Dietera Lubczyka \"Moje Wzruszenia\" - Dzia\u0142dowska Agencja Rozwoju S.A.","isPartOf":{"@id":"https:\/\/darsa.pl\/www\/#website"},"primaryImageOfPage":{"@id":"https:\/\/darsa.pl\/www\/2021\/11\/30\/wernisaz-dietera-lubczyka-moje-wzruszenia\/#primaryimage"},"image":{"@id":"https:\/\/darsa.pl\/www\/2021\/11\/30\/wernisaz-dietera-lubczyka-moje-wzruszenia\/#primaryimage"},"thumbnailUrl":"https:\/\/darsa.pl\/www\/wp-content\/uploads\/2021\/11\/wernisaz_2020_dzialdowo.jpg","datePublished":"2021-11-30T13:27:42+00:00","dateModified":"2021-11-30T13:35:00+00:00","breadcrumb":{"@id":"https:\/\/darsa.pl\/www\/2021\/11\/30\/wernisaz-dietera-lubczyka-moje-wzruszenia\/#breadcrumb"},"inLanguage":"pl-PL","potentialAction":[{"@type":"ReadAction","target":["https:\/\/darsa.pl\/www\/2021\/11\/30\/wernisaz-dietera-lubczyka-moje-wzruszenia\/"]}]},{"@type":"ImageObject","inLanguage":"pl-PL","@id":"https:\/\/darsa.pl\/www\/2021\/11\/30\/wernisaz-dietera-lubczyka-moje-wzruszenia\/#primaryimage","url":"https:\/\/darsa.pl\/www\/wp-content\/uploads\/2021\/11\/wernisaz_2020_dzialdowo.jpg","contentUrl":"https:\/\/darsa.pl\/www\/wp-content\/uploads\/2021\/11\/wernisaz_2020_dzialdowo.jpg","width":2000,"height":943},{"@type":"BreadcrumbList","@id":"https:\/\/darsa.pl\/www\/2021\/11\/30\/wernisaz-dietera-lubczyka-moje-wzruszenia\/#breadcrumb","itemListElement":[{"@type":"ListItem","position":1,"name":"Strona g\u0142\u00f3wna","item":"https:\/\/darsa.pl\/www\/"},{"@type":"ListItem","position":2,"name":"Wernisa\u017c Dietera Lubczyka &#8220;Moje Wzruszenia&#8221;"}]},{"@type":"WebSite","@id":"https:\/\/darsa.pl\/www\/#website","url":"https:\/\/darsa.pl\/www\/","name":"Dzia\u0142dowska Agencja Rozwoju S.A.","description":"Wspieranie ma\u0142ych i \u015brednich przedsi\u0119biorstw, edukacja i szkolenia.","publisher":{"@id":"https:\/\/darsa.pl\/www\/#organization"},"potentialAction":[{"@type":"SearchAction","target":{"@type":"EntryPoint","urlTemplate":"https:\/\/darsa.pl\/www\/?s={search_term_string}"},"query-input":{"@type":"PropertyValueSpecification","valueRequired":true,"valueName":"search_term_string"}}],"inLanguage":"pl-PL"},{"@type":"Organization","@id":"https:\/\/darsa.pl\/www\/#organization","name":"Dzia\u0142dowska Agencja Rozwoju S.A.","url":"https:\/\/darsa.pl\/www\/","logo":{"@type":"ImageObject","inLanguage":"pl-PL","@id":"https:\/\/darsa.pl\/www\/#\/schema\/logo\/image\/","url":"https:\/\/darsa.pl\/www\/wp-content\/uploads\/2020\/06\/logo_h200px.png","contentUrl":"https:\/\/darsa.pl\/www\/wp-content\/uploads\/2020\/06\/logo_h200px.png","width":856,"height":200,"caption":"Dzia\u0142dowska Agencja Rozwoju S.A."},"image":{"@id":"https:\/\/darsa.pl\/www\/#\/schema\/logo\/image\/"}},{"@type":"Person","@id":"https:\/\/darsa.pl\/www\/#\/schema\/person\/4ab860c311e6f0c54365c7b76b6bf94a","name":"adm","image":{"@type":"ImageObject","inLanguage":"pl-PL","@id":"https:\/\/secure.gravatar.com\/avatar\/ee5ba569e71d2f8e78d549083e35e8659abc37adf85c4b481b548a7371c1c199?s=96&d=mm&r=g","url":"https:\/\/secure.gravatar.com\/avatar\/ee5ba569e71d2f8e78d549083e35e8659abc37adf85c4b481b548a7371c1c199?s=96&d=mm&r=g","contentUrl":"https:\/\/secure.gravatar.com\/avatar\/ee5ba569e71d2f8e78d549083e35e8659abc37adf85c4b481b548a7371c1c199?s=96&d=mm&r=g","caption":"adm"},"sameAs":["https:\/\/darsa.pl\/www"],"url":"https:\/\/darsa.pl\/www\/author\/adm\/"}]}},"_links":{"self":[{"href":"https:\/\/darsa.pl\/www\/wp-json\/wp\/v2\/posts\/3772","targetHints":{"allow":["GET"]}}],"collection":[{"href":"https:\/\/darsa.pl\/www\/wp-json\/wp\/v2\/posts"}],"about":[{"href":"https:\/\/darsa.pl\/www\/wp-json\/wp\/v2\/types\/post"}],"author":[{"embeddable":true,"href":"https:\/\/darsa.pl\/www\/wp-json\/wp\/v2\/users\/1"}],"replies":[{"embeddable":true,"href":"https:\/\/darsa.pl\/www\/wp-json\/wp\/v2\/comments?post=3772"}],"version-history":[{"count":2,"href":"https:\/\/darsa.pl\/www\/wp-json\/wp\/v2\/posts\/3772\/revisions"}],"predecessor-version":[{"id":3775,"href":"https:\/\/darsa.pl\/www\/wp-json\/wp\/v2\/posts\/3772\/revisions\/3775"}],"wp:featuredmedia":[{"embeddable":true,"href":"https:\/\/darsa.pl\/www\/wp-json\/wp\/v2\/media\/3773"}],"wp:attachment":[{"href":"https:\/\/darsa.pl\/www\/wp-json\/wp\/v2\/media?parent=3772"}],"wp:term":[{"taxonomy":"category","embeddable":true,"href":"https:\/\/darsa.pl\/www\/wp-json\/wp\/v2\/categories?post=3772"},{"taxonomy":"post_tag","embeddable":true,"href":"https:\/\/darsa.pl\/www\/wp-json\/wp\/v2\/tags?post=3772"}],"curies":[{"name":"wp","href":"https:\/\/api.w.org\/{rel}","templated":true}]}}