{"id":3608,"date":"2021-08-19T19:20:33","date_gmt":"2021-08-19T17:20:33","guid":{"rendered":"https:\/\/darsa.pl\/www\/?p=3608"},"modified":"2021-08-19T19:21:44","modified_gmt":"2021-08-19T17:21:44","slug":"osobowosc-roku-2019","status":"publish","type":"post","link":"https:\/\/darsa.pl\/www\/2021\/08\/19\/osobowosc-roku-2019\/","title":{"rendered":"Osobowo\u015b\u0107 Roku 2019"},"content":{"rendered":"<div class=\"kvgmc6g5 cxmmr5t8 oygrvhab hcukyx3x c1et5uql ii04i59q\">\n<div dir=\"auto\">\n<p>W dniu wczorajszym, 18 sierpnia 2021 r., w Hotelu Zamek Ryn odby\u0142a si\u0119 uroczysta Gala Plebiscytu OSOBOWO\u015a\u0106 ROKU 2019.*<\/p>\n<p>Mi\u0142o nam poinformowa\u0107, i\u017c Prezes Dzia\u0142dowskiej Agencji Rozwoju, p. Roman Dawidowski, otrzyma\u0142 nagrod\u0119 Osobowo\u015bci Roku 2019 w wojew\u00f3dztwie warmi\u0144sko-mazurskim w kategorii &#8222;biznes&#8221;.<\/p>\n<p>S\u0142owo od laureata plebiscytu:<br \/>\n<em>&#8222;Dzi\u0119kuj\u0119 za nominacj\u0119 oraz za wszystkie oddane g\u0142osy. Szczeg\u00f3lnie dzi\u0119kuj\u0119 wszystkim pracownikom Dzia\u0142dowskiej Agencji Rozwoju S.A., to dzi\u0119ki Waszej pracy i zaanga\u017cowaniu otrzymanie takiego wyr\u00f3\u017cnienia sta\u0142o si\u0119 mo\u017cliwe. Serdecznie dzi\u0119kuj\u0119!&#8221;<\/em><\/p>\n<p>Serdecznie gratulujemy wszystkim uczestnikom plebiscytu!<\/p>\n<p>*Ze wzgl\u0119du na zagro\u017cenie zwi\u0105zane z pandemi\u0105 COVID-19, uroczysta gala odby\u0142a si\u0119 dopiero w 2021 roku.<\/p>\n<p><a href=\"https:\/\/darsa.pl\/www\/wp-content\/uploads\/2021\/08\/RDAWIDOWSKI_nagroda.png\"><img fetchpriority=\"high\" decoding=\"async\" src=\"https:\/\/darsa.pl\/www\/wp-content\/uploads\/2021\/08\/RDAWIDOWSKI_nagroda.png\" alt=\"\" width=\"500\" height=\"667\" class=\"aligncenter wp-image-3609\" srcset=\"https:\/\/darsa.pl\/www\/wp-content\/uploads\/2021\/08\/RDAWIDOWSKI_nagroda.png 768w, https:\/\/darsa.pl\/www\/wp-content\/uploads\/2021\/08\/RDAWIDOWSKI_nagroda-225x300.png 225w\" sizes=\"(max-width: 500px) 100vw, 500px\" \/><\/a><\/p>\n<\/div>\n<\/div>\n","protected":false},"excerpt":{"rendered":"<p>W dniu wczorajszym, 18 sierpnia 2021 r., w Hotelu Zamek Ryn odby\u0142a si\u0119 uroczysta Gala Plebiscytu OSOBOWO\u015a\u0106 ROKU 2019.* Mi\u0142o nam poinformowa\u0107, i\u017c Prezes Dzia\u0142dowskiej Agencji Rozwoju, p. Roman Dawidowski, otrzyma\u0142 nagrod\u0119 Osobowo\u015bci Roku 2019 w wojew\u00f3dztwie warmi\u0144sko-mazurskim w kategorii &#8222;biznes&#8221;. S\u0142owo od laureata plebiscytu: &#8222;Dzi\u0119kuj\u0119 za nominacj\u0119 oraz za [&hellip;]<\/p>\n","protected":false},"author":1,"featured_media":3611,"comment_status":"closed","ping_status":"open","sticky":false,"template":"","format":"standard","meta":{"footnotes":""},"categories":[1],"tags":[],"class_list":["post-3608","post","type-post","status-publish","format-standard","has-post-thumbnail","hentry","category-bez-kategorii"],"yoast_head":"<!-- This site is optimized with the Yoast SEO plugin v27.3 - https:\/\/yoast.com\/product\/yoast-seo-wordpress\/ -->\n<title>Osobowo\u015b\u0107 Roku 2019 - Dzia\u0142dowska Agencja Rozwoju S.A.<\/title>\n<meta name=\"robots\" content=\"index, follow, max-snippet:-1, max-image-preview:large, max-video-preview:-1\" \/>\n<link rel=\"canonical\" href=\"https:\/\/darsa.pl\/www\/2021\/08\/19\/osobowosc-roku-2019\/\" \/>\n<meta property=\"og:locale\" content=\"pl_PL\" \/>\n<meta property=\"og:type\" content=\"article\" \/>\n<meta property=\"og:title\" content=\"Osobowo\u015b\u0107 Roku 2019 - Dzia\u0142dowska Agencja Rozwoju S.A.\" \/>\n<meta property=\"og:description\" content=\"W dniu wczorajszym, 18 sierpnia 2021 r., w Hotelu Zamek Ryn odby\u0142a si\u0119 uroczysta Gala Plebiscytu OSOBOWO\u015a\u0106 ROKU 2019.* Mi\u0142o nam poinformowa\u0107, i\u017c Prezes Dzia\u0142dowskiej Agencji Rozwoju, p. Roman Dawidowski, otrzyma\u0142 nagrod\u0119 Osobowo\u015bci Roku 2019 w wojew\u00f3dztwie warmi\u0144sko-mazurskim w kategorii &#8222;biznes&#8221;. S\u0142owo od laureata plebiscytu: &#8222;Dzi\u0119kuj\u0119 za nominacj\u0119 oraz za [&hellip;]\" \/>\n<meta property=\"og:url\" content=\"https:\/\/darsa.pl\/www\/2021\/08\/19\/osobowosc-roku-2019\/\" \/>\n<meta property=\"og:site_name\" content=\"Dzia\u0142dowska Agencja Rozwoju S.A.\" \/>\n<meta property=\"article:published_time\" content=\"2021-08-19T17:20:33+00:00\" \/>\n<meta property=\"article:modified_time\" content=\"2021-08-19T17:21:44+00:00\" \/>\n<meta property=\"og:image\" content=\"https:\/\/darsa.pl\/www\/wp-content\/uploads\/2021\/08\/www_miniaturka.png\" \/>\n\t<meta property=\"og:image:width\" content=\"768\" \/>\n\t<meta property=\"og:image:height\" content=\"747\" \/>\n\t<meta property=\"og:image:type\" content=\"image\/png\" \/>\n<meta name=\"author\" content=\"adm\" \/>\n<meta name=\"twitter:card\" content=\"summary_large_image\" \/>\n<meta name=\"twitter:label1\" content=\"Napisane przez\" \/>\n\t<meta name=\"twitter:data1\" content=\"adm\" \/>\n\t<meta name=\"twitter:label2\" content=\"Szacowany czas czytania\" \/>\n\t<meta name=\"twitter:data2\" content=\"1 minuta\" \/>\n<script type=\"application\/ld+json\" class=\"yoast-schema-graph\">{\"@context\":\"https:\\\/\\\/schema.org\",\"@graph\":[{\"@type\":\"Article\",\"@id\":\"https:\\\/\\\/darsa.pl\\\/www\\\/2021\\\/08\\\/19\\\/osobowosc-roku-2019\\\/#article\",\"isPartOf\":{\"@id\":\"https:\\\/\\\/darsa.pl\\\/www\\\/2021\\\/08\\\/19\\\/osobowosc-roku-2019\\\/\"},\"author\":{\"name\":\"adm\",\"@id\":\"https:\\\/\\\/darsa.pl\\\/www\\\/#\\\/schema\\\/person\\\/4ab860c311e6f0c54365c7b76b6bf94a\"},\"headline\":\"Osobowo\u015b\u0107 Roku 2019\",\"datePublished\":\"2021-08-19T17:20:33+00:00\",\"dateModified\":\"2021-08-19T17:21:44+00:00\",\"mainEntityOfPage\":{\"@id\":\"https:\\\/\\\/darsa.pl\\\/www\\\/2021\\\/08\\\/19\\\/osobowosc-roku-2019\\\/\"},\"wordCount\":116,\"publisher\":{\"@id\":\"https:\\\/\\\/darsa.pl\\\/www\\\/#organization\"},\"image\":{\"@id\":\"https:\\\/\\\/darsa.pl\\\/www\\\/2021\\\/08\\\/19\\\/osobowosc-roku-2019\\\/#primaryimage\"},\"thumbnailUrl\":\"https:\\\/\\\/darsa.pl\\\/www\\\/wp-content\\\/uploads\\\/2021\\\/08\\\/www_miniaturka.png\",\"articleSection\":[\"&nbsp;\"],\"inLanguage\":\"pl-PL\"},{\"@type\":\"WebPage\",\"@id\":\"https:\\\/\\\/darsa.pl\\\/www\\\/2021\\\/08\\\/19\\\/osobowosc-roku-2019\\\/\",\"url\":\"https:\\\/\\\/darsa.pl\\\/www\\\/2021\\\/08\\\/19\\\/osobowosc-roku-2019\\\/\",\"name\":\"Osobowo\u015b\u0107 Roku 2019 - Dzia\u0142dowska Agencja Rozwoju S.A.\",\"isPartOf\":{\"@id\":\"https:\\\/\\\/darsa.pl\\\/www\\\/#website\"},\"primaryImageOfPage\":{\"@id\":\"https:\\\/\\\/darsa.pl\\\/www\\\/2021\\\/08\\\/19\\\/osobowosc-roku-2019\\\/#primaryimage\"},\"image\":{\"@id\":\"https:\\\/\\\/darsa.pl\\\/www\\\/2021\\\/08\\\/19\\\/osobowosc-roku-2019\\\/#primaryimage\"},\"thumbnailUrl\":\"https:\\\/\\\/darsa.pl\\\/www\\\/wp-content\\\/uploads\\\/2021\\\/08\\\/www_miniaturka.png\",\"datePublished\":\"2021-08-19T17:20:33+00:00\",\"dateModified\":\"2021-08-19T17:21:44+00:00\",\"breadcrumb\":{\"@id\":\"https:\\\/\\\/darsa.pl\\\/www\\\/2021\\\/08\\\/19\\\/osobowosc-roku-2019\\\/#breadcrumb\"},\"inLanguage\":\"pl-PL\",\"potentialAction\":[{\"@type\":\"ReadAction\",\"target\":[\"https:\\\/\\\/darsa.pl\\\/www\\\/2021\\\/08\\\/19\\\/osobowosc-roku-2019\\\/\"]}]},{\"@type\":\"ImageObject\",\"inLanguage\":\"pl-PL\",\"@id\":\"https:\\\/\\\/darsa.pl\\\/www\\\/2021\\\/08\\\/19\\\/osobowosc-roku-2019\\\/#primaryimage\",\"url\":\"https:\\\/\\\/darsa.pl\\\/www\\\/wp-content\\\/uploads\\\/2021\\\/08\\\/www_miniaturka.png\",\"contentUrl\":\"https:\\\/\\\/darsa.pl\\\/www\\\/wp-content\\\/uploads\\\/2021\\\/08\\\/www_miniaturka.png\",\"width\":768,\"height\":747},{\"@type\":\"BreadcrumbList\",\"@id\":\"https:\\\/\\\/darsa.pl\\\/www\\\/2021\\\/08\\\/19\\\/osobowosc-roku-2019\\\/#breadcrumb\",\"itemListElement\":[{\"@type\":\"ListItem\",\"position\":1,\"name\":\"Strona g\u0142\u00f3wna\",\"item\":\"https:\\\/\\\/darsa.pl\\\/www\\\/\"},{\"@type\":\"ListItem\",\"position\":2,\"name\":\"Osobowo\u015b\u0107 Roku 2019\"}]},{\"@type\":\"WebSite\",\"@id\":\"https:\\\/\\\/darsa.pl\\\/www\\\/#website\",\"url\":\"https:\\\/\\\/darsa.pl\\\/www\\\/\",\"name\":\"Dzia\u0142dowska Agencja Rozwoju S.A.\",\"description\":\"Wspieranie ma\u0142ych i \u015brednich przedsi\u0119biorstw, edukacja i szkolenia.\",\"publisher\":{\"@id\":\"https:\\\/\\\/darsa.pl\\\/www\\\/#organization\"},\"potentialAction\":[{\"@type\":\"SearchAction\",\"target\":{\"@type\":\"EntryPoint\",\"urlTemplate\":\"https:\\\/\\\/darsa.pl\\\/www\\\/?s={search_term_string}\"},\"query-input\":{\"@type\":\"PropertyValueSpecification\",\"valueRequired\":true,\"valueName\":\"search_term_string\"}}],\"inLanguage\":\"pl-PL\"},{\"@type\":\"Organization\",\"@id\":\"https:\\\/\\\/darsa.pl\\\/www\\\/#organization\",\"name\":\"Dzia\u0142dowska Agencja Rozwoju S.A.\",\"url\":\"https:\\\/\\\/darsa.pl\\\/www\\\/\",\"logo\":{\"@type\":\"ImageObject\",\"inLanguage\":\"pl-PL\",\"@id\":\"https:\\\/\\\/darsa.pl\\\/www\\\/#\\\/schema\\\/logo\\\/image\\\/\",\"url\":\"https:\\\/\\\/darsa.pl\\\/www\\\/wp-content\\\/uploads\\\/2020\\\/06\\\/logo_h200px.png\",\"contentUrl\":\"https:\\\/\\\/darsa.pl\\\/www\\\/wp-content\\\/uploads\\\/2020\\\/06\\\/logo_h200px.png\",\"width\":856,\"height\":200,\"caption\":\"Dzia\u0142dowska Agencja Rozwoju S.A.\"},\"image\":{\"@id\":\"https:\\\/\\\/darsa.pl\\\/www\\\/#\\\/schema\\\/logo\\\/image\\\/\"}},{\"@type\":\"Person\",\"@id\":\"https:\\\/\\\/darsa.pl\\\/www\\\/#\\\/schema\\\/person\\\/4ab860c311e6f0c54365c7b76b6bf94a\",\"name\":\"adm\",\"image\":{\"@type\":\"ImageObject\",\"inLanguage\":\"pl-PL\",\"@id\":\"https:\\\/\\\/secure.gravatar.com\\\/avatar\\\/ee5ba569e71d2f8e78d549083e35e8659abc37adf85c4b481b548a7371c1c199?s=96&d=mm&r=g\",\"url\":\"https:\\\/\\\/secure.gravatar.com\\\/avatar\\\/ee5ba569e71d2f8e78d549083e35e8659abc37adf85c4b481b548a7371c1c199?s=96&d=mm&r=g\",\"contentUrl\":\"https:\\\/\\\/secure.gravatar.com\\\/avatar\\\/ee5ba569e71d2f8e78d549083e35e8659abc37adf85c4b481b548a7371c1c199?s=96&d=mm&r=g\",\"caption\":\"adm\"},\"sameAs\":[\"https:\\\/\\\/darsa.pl\\\/www\"],\"url\":\"https:\\\/\\\/darsa.pl\\\/www\\\/author\\\/adm\\\/\"}]}<\/script>\n<!-- \/ Yoast SEO plugin. -->","yoast_head_json":{"title":"Osobowo\u015b\u0107 Roku 2019 - Dzia\u0142dowska Agencja Rozwoju S.A.","robots":{"index":"index","follow":"follow","max-snippet":"max-snippet:-1","max-image-preview":"max-image-preview:large","max-video-preview":"max-video-preview:-1"},"canonical":"https:\/\/darsa.pl\/www\/2021\/08\/19\/osobowosc-roku-2019\/","og_locale":"pl_PL","og_type":"article","og_title":"Osobowo\u015b\u0107 Roku 2019 - Dzia\u0142dowska Agencja Rozwoju S.A.","og_description":"W dniu wczorajszym, 18 sierpnia 2021 r., w Hotelu Zamek Ryn odby\u0142a si\u0119 uroczysta Gala Plebiscytu OSOBOWO\u015a\u0106 ROKU 2019.* Mi\u0142o nam poinformowa\u0107, i\u017c Prezes Dzia\u0142dowskiej Agencji Rozwoju, p. Roman Dawidowski, otrzyma\u0142 nagrod\u0119 Osobowo\u015bci Roku 2019 w wojew\u00f3dztwie warmi\u0144sko-mazurskim w kategorii &#8222;biznes&#8221;. S\u0142owo od laureata plebiscytu: &#8222;Dzi\u0119kuj\u0119 za nominacj\u0119 oraz za [&hellip;]","og_url":"https:\/\/darsa.pl\/www\/2021\/08\/19\/osobowosc-roku-2019\/","og_site_name":"Dzia\u0142dowska Agencja Rozwoju S.A.","article_published_time":"2021-08-19T17:20:33+00:00","article_modified_time":"2021-08-19T17:21:44+00:00","og_image":[{"width":768,"height":747,"url":"https:\/\/darsa.pl\/www\/wp-content\/uploads\/2021\/08\/www_miniaturka.png","type":"image\/png"}],"author":"adm","twitter_card":"summary_large_image","twitter_misc":{"Napisane przez":"adm","Szacowany czas czytania":"1 minuta"},"schema":{"@context":"https:\/\/schema.org","@graph":[{"@type":"Article","@id":"https:\/\/darsa.pl\/www\/2021\/08\/19\/osobowosc-roku-2019\/#article","isPartOf":{"@id":"https:\/\/darsa.pl\/www\/2021\/08\/19\/osobowosc-roku-2019\/"},"author":{"name":"adm","@id":"https:\/\/darsa.pl\/www\/#\/schema\/person\/4ab860c311e6f0c54365c7b76b6bf94a"},"headline":"Osobowo\u015b\u0107 Roku 2019","datePublished":"2021-08-19T17:20:33+00:00","dateModified":"2021-08-19T17:21:44+00:00","mainEntityOfPage":{"@id":"https:\/\/darsa.pl\/www\/2021\/08\/19\/osobowosc-roku-2019\/"},"wordCount":116,"publisher":{"@id":"https:\/\/darsa.pl\/www\/#organization"},"image":{"@id":"https:\/\/darsa.pl\/www\/2021\/08\/19\/osobowosc-roku-2019\/#primaryimage"},"thumbnailUrl":"https:\/\/darsa.pl\/www\/wp-content\/uploads\/2021\/08\/www_miniaturka.png","articleSection":["&nbsp;"],"inLanguage":"pl-PL"},{"@type":"WebPage","@id":"https:\/\/darsa.pl\/www\/2021\/08\/19\/osobowosc-roku-2019\/","url":"https:\/\/darsa.pl\/www\/2021\/08\/19\/osobowosc-roku-2019\/","name":"Osobowo\u015b\u0107 Roku 2019 - Dzia\u0142dowska Agencja Rozwoju S.A.","isPartOf":{"@id":"https:\/\/darsa.pl\/www\/#website"},"primaryImageOfPage":{"@id":"https:\/\/darsa.pl\/www\/2021\/08\/19\/osobowosc-roku-2019\/#primaryimage"},"image":{"@id":"https:\/\/darsa.pl\/www\/2021\/08\/19\/osobowosc-roku-2019\/#primaryimage"},"thumbnailUrl":"https:\/\/darsa.pl\/www\/wp-content\/uploads\/2021\/08\/www_miniaturka.png","datePublished":"2021-08-19T17:20:33+00:00","dateModified":"2021-08-19T17:21:44+00:00","breadcrumb":{"@id":"https:\/\/darsa.pl\/www\/2021\/08\/19\/osobowosc-roku-2019\/#breadcrumb"},"inLanguage":"pl-PL","potentialAction":[{"@type":"ReadAction","target":["https:\/\/darsa.pl\/www\/2021\/08\/19\/osobowosc-roku-2019\/"]}]},{"@type":"ImageObject","inLanguage":"pl-PL","@id":"https:\/\/darsa.pl\/www\/2021\/08\/19\/osobowosc-roku-2019\/#primaryimage","url":"https:\/\/darsa.pl\/www\/wp-content\/uploads\/2021\/08\/www_miniaturka.png","contentUrl":"https:\/\/darsa.pl\/www\/wp-content\/uploads\/2021\/08\/www_miniaturka.png","width":768,"height":747},{"@type":"BreadcrumbList","@id":"https:\/\/darsa.pl\/www\/2021\/08\/19\/osobowosc-roku-2019\/#breadcrumb","itemListElement":[{"@type":"ListItem","position":1,"name":"Strona g\u0142\u00f3wna","item":"https:\/\/darsa.pl\/www\/"},{"@type":"ListItem","position":2,"name":"Osobowo\u015b\u0107 Roku 2019"}]},{"@type":"WebSite","@id":"https:\/\/darsa.pl\/www\/#website","url":"https:\/\/darsa.pl\/www\/","name":"Dzia\u0142dowska Agencja Rozwoju S.A.","description":"Wspieranie ma\u0142ych i \u015brednich przedsi\u0119biorstw, edukacja i szkolenia.","publisher":{"@id":"https:\/\/darsa.pl\/www\/#organization"},"potentialAction":[{"@type":"SearchAction","target":{"@type":"EntryPoint","urlTemplate":"https:\/\/darsa.pl\/www\/?s={search_term_string}"},"query-input":{"@type":"PropertyValueSpecification","valueRequired":true,"valueName":"search_term_string"}}],"inLanguage":"pl-PL"},{"@type":"Organization","@id":"https:\/\/darsa.pl\/www\/#organization","name":"Dzia\u0142dowska Agencja Rozwoju S.A.","url":"https:\/\/darsa.pl\/www\/","logo":{"@type":"ImageObject","inLanguage":"pl-PL","@id":"https:\/\/darsa.pl\/www\/#\/schema\/logo\/image\/","url":"https:\/\/darsa.pl\/www\/wp-content\/uploads\/2020\/06\/logo_h200px.png","contentUrl":"https:\/\/darsa.pl\/www\/wp-content\/uploads\/2020\/06\/logo_h200px.png","width":856,"height":200,"caption":"Dzia\u0142dowska Agencja Rozwoju S.A."},"image":{"@id":"https:\/\/darsa.pl\/www\/#\/schema\/logo\/image\/"}},{"@type":"Person","@id":"https:\/\/darsa.pl\/www\/#\/schema\/person\/4ab860c311e6f0c54365c7b76b6bf94a","name":"adm","image":{"@type":"ImageObject","inLanguage":"pl-PL","@id":"https:\/\/secure.gravatar.com\/avatar\/ee5ba569e71d2f8e78d549083e35e8659abc37adf85c4b481b548a7371c1c199?s=96&d=mm&r=g","url":"https:\/\/secure.gravatar.com\/avatar\/ee5ba569e71d2f8e78d549083e35e8659abc37adf85c4b481b548a7371c1c199?s=96&d=mm&r=g","contentUrl":"https:\/\/secure.gravatar.com\/avatar\/ee5ba569e71d2f8e78d549083e35e8659abc37adf85c4b481b548a7371c1c199?s=96&d=mm&r=g","caption":"adm"},"sameAs":["https:\/\/darsa.pl\/www"],"url":"https:\/\/darsa.pl\/www\/author\/adm\/"}]}},"_links":{"self":[{"href":"https:\/\/darsa.pl\/www\/wp-json\/wp\/v2\/posts\/3608","targetHints":{"allow":["GET"]}}],"collection":[{"href":"https:\/\/darsa.pl\/www\/wp-json\/wp\/v2\/posts"}],"about":[{"href":"https:\/\/darsa.pl\/www\/wp-json\/wp\/v2\/types\/post"}],"author":[{"embeddable":true,"href":"https:\/\/darsa.pl\/www\/wp-json\/wp\/v2\/users\/1"}],"replies":[{"embeddable":true,"href":"https:\/\/darsa.pl\/www\/wp-json\/wp\/v2\/comments?post=3608"}],"version-history":[{"count":1,"href":"https:\/\/darsa.pl\/www\/wp-json\/wp\/v2\/posts\/3608\/revisions"}],"predecessor-version":[{"id":3610,"href":"https:\/\/darsa.pl\/www\/wp-json\/wp\/v2\/posts\/3608\/revisions\/3610"}],"wp:featuredmedia":[{"embeddable":true,"href":"https:\/\/darsa.pl\/www\/wp-json\/wp\/v2\/media\/3611"}],"wp:attachment":[{"href":"https:\/\/darsa.pl\/www\/wp-json\/wp\/v2\/media?parent=3608"}],"wp:term":[{"taxonomy":"category","embeddable":true,"href":"https:\/\/darsa.pl\/www\/wp-json\/wp\/v2\/categories?post=3608"},{"taxonomy":"post_tag","embeddable":true,"href":"https:\/\/darsa.pl\/www\/wp-json\/wp\/v2\/tags?post=3608"}],"curies":[{"name":"wp","href":"https:\/\/api.w.org\/{rel}","templated":true}]}}