{"id":2340,"date":"2020-11-12T10:00:07","date_gmt":"2020-11-12T09:00:07","guid":{"rendered":"https:\/\/darsa.pl\/www\/?p=2340"},"modified":"2020-11-13T11:48:20","modified_gmt":"2020-11-13T10:48:20","slug":"dzialalnosc-w-ramach-przedsiewziecia-lowe","status":"publish","type":"post","link":"https:\/\/darsa.pl\/www\/2020\/11\/12\/dzialalnosc-w-ramach-przedsiewziecia-lowe\/","title":{"rendered":"Dzia\u0142alno\u015b\u0107 w ramach przedsi\u0119wzi\u0119cia LOWE"},"content":{"rendered":"<p>Od sierpnia 2020 roku Dzia\u0142dowska Agencja Rozwoju S.A. w partnerstwie z Publicznym Dzia\u0142dowskim Centrum Kszta\u0142cenia Ustawicznego DAR Szko\u0142\u0105 Policealn\u0105 realizuje przedsi\u0119wzi\u0119cie pn. <strong>Lokalny O\u015brodek Wiedzy i Edukacji w Dzia\u0142dowie<\/strong>.<\/p>\n<p>LOWE ma z za\u0142o\u017cenia wspiera\u0107 doros\u0142ych mieszka\u0144c\u00f3w Gminy Dzia\u0142dowo i Gminy Miasta Dzia\u0142dowo w drodze do podnoszenia kwalifikacji i kompetencji oraz umo\u017cliwia\u0107 im uczestnictwo w \u017cyciu kulturalnym.<\/p>\n<p>Mimo niesprzyjaj\u0105cych okoliczno\u015bci i coraz szerszych obostrze\u0144, w tym dotycz\u0105cych\u00a0 kultury i nauki, staramy si\u0119 krok po kroku motywowa\u0107\u00a0 lokaln\u0105 spo\u0142eczno\u015b\u0107 do korzystania\u00a0 z nieodp\u0142atnych form pozaformalnej edukacji, integrowa\u0107 mieszka\u0144c\u00f3w naszej gminy i miasta i dawa\u0107 wszystkim namiastk\u0119 normalno\u015bci i nadziei.<\/p>\n<p>Aktualnie prowadzimy kursy j\u0119zyka angielskiego i przymierzamy si\u0119 do kilku nowych zada\u0144. Uda\u0142o nam si\u0119 ju\u017c zrealizowa\u0107 cz\u0119\u015b\u0107 z planowanych szkole\u0144 r\u0119kodzielniczych \u2013 m.in. warsztaty scrapbookingu, quillingu, makramy czy warsztaty florystyczne. Dzi\u0119ki wsparciu naszego partnerstwa przez Bibliotek\u0119 \u2013 Centrum Kultury w Burkacie, cz\u0119\u015b\u0107 form szkoleniowych realizujemy na terenie gminy (w \u015bwietlicach gminnych). Pozosta\u0142e s\u0105 prowadzone w budynku Centrum Kszta\u0142cenia Ustawicznego DAR w Dzia\u0142dowie przy\u00a0 ul. Polnej 11a.<\/p>\n<p>W nadchodz\u0105cym czasie b\u0119dziemy te\u017c realizowa\u0107 zaj\u0119cia w formie on-line.<\/p>\n<p>Je\u015bli ktokolwiek by\u0142by zainteresowany skorzystaniem z oferty LOWE, prosimy o kontakt<br \/>\nz biurem lowe: <a href=\"mailto:lowe.dzialdowo@gmail.com\"><strong>lowe.dzialdowo@gmail.com<\/strong><\/a> lub pod nr tel. <strong>505\u00a0174\u00a0807<\/strong>.<\/p>\n<p><em>Projekt wsp\u00f3\u0142finansowany z Europejskiego Funduszu Spo\u0142ecznego w ramach POWER 2014-2020.<\/em><\/p>\n\n\t\t<style type=\"text\/css\">\n\t\t\t#gallery-1 {\n\t\t\t\tmargin: auto;\n\t\t\t}\n\t\t\t#gallery-1 .gallery-item {\n\t\t\t\tfloat: left;\n\t\t\t\tmargin-top: 10px;\n\t\t\t\ttext-align: center;\n\t\t\t\twidth: 16%;\n\t\t\t}\n\t\t\t#gallery-1 img {\n\t\t\t\tborder: 2px solid #cfcfcf;\n\t\t\t}\n\t\t\t#gallery-1 .gallery-caption {\n\t\t\t\tmargin-left: 0;\n\t\t\t}\n\t\t\t\/* see gallery_shortcode() in wp-includes\/media.php *\/\n\t\t<\/style>\n\t\t<div id='gallery-1' class='gallery galleryid-2340 gallery-columns-6 gallery-size-thumbnail'><dl class='gallery-item'>\n\t\t\t<dt class='gallery-icon portrait'>\n\t\t\t\t<a href='https:\/\/darsa.pl\/www\/wp-content\/uploads\/2020\/11\/florysta1-1.jpg'><img decoding=\"async\" width=\"150\" height=\"150\" src=\"https:\/\/darsa.pl\/www\/wp-content\/uploads\/2020\/11\/florysta1-1-150x150.jpg\" class=\"attachment-thumbnail size-thumbnail\" alt=\"\" \/><\/a>\n\t\t\t<\/dt><\/dl><dl class='gallery-item'>\n\t\t\t<dt class='gallery-icon portrait'>\n\t\t\t\t<a href='https:\/\/darsa.pl\/www\/wp-content\/uploads\/2020\/11\/florysta2-1.jpg'><img decoding=\"async\" width=\"150\" height=\"150\" src=\"https:\/\/darsa.pl\/www\/wp-content\/uploads\/2020\/11\/florysta2-1-150x150.jpg\" class=\"attachment-thumbnail size-thumbnail\" alt=\"\" \/><\/a>\n\t\t\t<\/dt><\/dl><dl class='gallery-item'>\n\t\t\t<dt class='gallery-icon portrait'>\n\t\t\t\t<a href='https:\/\/darsa.pl\/www\/wp-content\/uploads\/2020\/11\/florysta3-1.jpg'><img decoding=\"async\" width=\"150\" height=\"150\" src=\"https:\/\/darsa.pl\/www\/wp-content\/uploads\/2020\/11\/florysta3-1-150x150.jpg\" class=\"attachment-thumbnail size-thumbnail\" alt=\"\" \/><\/a>\n\t\t\t<\/dt><\/dl><dl class='gallery-item'>\n\t\t\t<dt class='gallery-icon landscape'>\n\t\t\t\t<a href='https:\/\/darsa.pl\/www\/wp-content\/uploads\/2020\/11\/florysta4-1-scaled.jpg'><img loading=\"lazy\" decoding=\"async\" width=\"150\" height=\"150\" src=\"https:\/\/darsa.pl\/www\/wp-content\/uploads\/2020\/11\/florysta4-1-150x150.jpg\" class=\"attachment-thumbnail size-thumbnail\" alt=\"\" \/><\/a>\n\t\t\t<\/dt><\/dl><dl class='gallery-item'>\n\t\t\t<dt class='gallery-icon portrait'>\n\t\t\t\t<a href='https:\/\/darsa.pl\/www\/wp-content\/uploads\/2020\/11\/komputery1-1.jpg'><img loading=\"lazy\" decoding=\"async\" width=\"150\" height=\"150\" src=\"https:\/\/darsa.pl\/www\/wp-content\/uploads\/2020\/11\/komputery1-1-150x150.jpg\" class=\"attachment-thumbnail size-thumbnail\" alt=\"\" \/><\/a>\n\t\t\t<\/dt><\/dl><dl class='gallery-item'>\n\t\t\t<dt class='gallery-icon portrait'>\n\t\t\t\t<a href='https:\/\/darsa.pl\/www\/wp-content\/uploads\/2020\/11\/komputery2-1.jpg'><img loading=\"lazy\" decoding=\"async\" width=\"150\" height=\"150\" src=\"https:\/\/darsa.pl\/www\/wp-content\/uploads\/2020\/11\/komputery2-1-150x150.jpg\" class=\"attachment-thumbnail size-thumbnail\" alt=\"\" \/><\/a>\n\t\t\t<\/dt><\/dl><br style=\"clear: both\" \/><dl class='gallery-item'>\n\t\t\t<dt class='gallery-icon portrait'>\n\t\t\t\t<a href='https:\/\/darsa.pl\/www\/wp-content\/uploads\/2020\/11\/makrama-1-scaled.jpg'><img loading=\"lazy\" decoding=\"async\" width=\"150\" height=\"150\" src=\"https:\/\/darsa.pl\/www\/wp-content\/uploads\/2020\/11\/makrama-1-150x150.jpg\" class=\"attachment-thumbnail size-thumbnail\" alt=\"\" \/><\/a>\n\t\t\t<\/dt><\/dl><dl class='gallery-item'>\n\t\t\t<dt class='gallery-icon portrait'>\n\t\t\t\t<a href='https:\/\/darsa.pl\/www\/wp-content\/uploads\/2020\/11\/makrama1-1-scaled.jpg'><img loading=\"lazy\" decoding=\"async\" width=\"150\" height=\"150\" src=\"https:\/\/darsa.pl\/www\/wp-content\/uploads\/2020\/11\/makrama1-1-150x150.jpg\" class=\"attachment-thumbnail size-thumbnail\" alt=\"\" \/><\/a>\n\t\t\t<\/dt><\/dl><dl class='gallery-item'>\n\t\t\t<dt class='gallery-icon portrait'>\n\t\t\t\t<a href='https:\/\/darsa.pl\/www\/wp-content\/uploads\/2020\/11\/makrama2-1-scaled.jpg'><img loading=\"lazy\" decoding=\"async\" width=\"150\" height=\"150\" src=\"https:\/\/darsa.pl\/www\/wp-content\/uploads\/2020\/11\/makrama2-1-150x150.jpg\" class=\"attachment-thumbnail size-thumbnail\" alt=\"\" \/><\/a>\n\t\t\t<\/dt><\/dl><dl class='gallery-item'>\n\t\t\t<dt class='gallery-icon portrait'>\n\t\t\t\t<a href='https:\/\/darsa.pl\/www\/wp-content\/uploads\/2020\/11\/makrama3-1-scaled.jpg'><img loading=\"lazy\" decoding=\"async\" width=\"150\" height=\"150\" src=\"https:\/\/darsa.pl\/www\/wp-content\/uploads\/2020\/11\/makrama3-1-150x150.jpg\" class=\"attachment-thumbnail size-thumbnail\" alt=\"\" \/><\/a>\n\t\t\t<\/dt><\/dl><dl class='gallery-item'>\n\t\t\t<dt class='gallery-icon portrait'>\n\t\t\t\t<a href='https:\/\/darsa.pl\/www\/wp-content\/uploads\/2020\/11\/Quilling-1.jpg'><img loading=\"lazy\" decoding=\"async\" width=\"150\" height=\"150\" src=\"https:\/\/darsa.pl\/www\/wp-content\/uploads\/2020\/11\/Quilling-1-150x150.jpg\" class=\"attachment-thumbnail size-thumbnail\" alt=\"\" \/><\/a>\n\t\t\t<\/dt><\/dl><dl class='gallery-item'>\n\t\t\t<dt class='gallery-icon portrait'>\n\t\t\t\t<a href='https:\/\/darsa.pl\/www\/wp-content\/uploads\/2020\/11\/Quilling1-1.jpg'><img loading=\"lazy\" decoding=\"async\" width=\"150\" height=\"150\" src=\"https:\/\/darsa.pl\/www\/wp-content\/uploads\/2020\/11\/Quilling1-1-150x150.jpg\" class=\"attachment-thumbnail size-thumbnail\" alt=\"\" \/><\/a>\n\t\t\t<\/dt><\/dl><br style=\"clear: both\" \/><dl class='gallery-item'>\n\t\t\t<dt class='gallery-icon portrait'>\n\t\t\t\t<a href='https:\/\/darsa.pl\/www\/wp-content\/uploads\/2020\/11\/Quilling2-1-scaled.jpg'><img loading=\"lazy\" decoding=\"async\" width=\"150\" height=\"150\" src=\"https:\/\/darsa.pl\/www\/wp-content\/uploads\/2020\/11\/Quilling2-1-150x150.jpg\" class=\"attachment-thumbnail size-thumbnail\" alt=\"\" \/><\/a>\n\t\t\t<\/dt><\/dl><dl class='gallery-item'>\n\t\t\t<dt class='gallery-icon portrait'>\n\t\t\t\t<a href='https:\/\/darsa.pl\/www\/wp-content\/uploads\/2020\/11\/Quilling3-1-scaled.jpg'><img loading=\"lazy\" decoding=\"async\" width=\"150\" height=\"150\" src=\"https:\/\/darsa.pl\/www\/wp-content\/uploads\/2020\/11\/Quilling3-1-150x150.jpg\" class=\"attachment-thumbnail size-thumbnail\" alt=\"\" \/><\/a>\n\t\t\t<\/dt><\/dl><dl class='gallery-item'>\n\t\t\t<dt class='gallery-icon portrait'>\n\t\t\t\t<a href='https:\/\/darsa.pl\/www\/wp-content\/uploads\/2020\/11\/scrapbooking-1.jpg'><img loading=\"lazy\" decoding=\"async\" width=\"150\" height=\"150\" src=\"https:\/\/darsa.pl\/www\/wp-content\/uploads\/2020\/11\/scrapbooking-1-150x150.jpg\" class=\"attachment-thumbnail size-thumbnail\" alt=\"\" \/><\/a>\n\t\t\t<\/dt><\/dl><dl class='gallery-item'>\n\t\t\t<dt class='gallery-icon portrait'>\n\t\t\t\t<a href='https:\/\/darsa.pl\/www\/wp-content\/uploads\/2020\/11\/scrapbooking1-1-scaled.jpg'><img loading=\"lazy\" decoding=\"async\" width=\"150\" height=\"150\" src=\"https:\/\/darsa.pl\/www\/wp-content\/uploads\/2020\/11\/scrapbooking1-1-150x150.jpg\" class=\"attachment-thumbnail size-thumbnail\" alt=\"\" \/><\/a>\n\t\t\t<\/dt><\/dl><dl class='gallery-item'>\n\t\t\t<dt class='gallery-icon landscape'>\n\t\t\t\t<a href='https:\/\/darsa.pl\/www\/wp-content\/uploads\/2020\/11\/scrapbooking2-1-scaled.jpg'><img loading=\"lazy\" decoding=\"async\" width=\"150\" height=\"150\" src=\"https:\/\/darsa.pl\/www\/wp-content\/uploads\/2020\/11\/scrapbooking2-1-150x150.jpg\" class=\"attachment-thumbnail size-thumbnail\" alt=\"\" \/><\/a>\n\t\t\t<\/dt><\/dl><dl class='gallery-item'>\n\t\t\t<dt class='gallery-icon portrait'>\n\t\t\t\t<a href='https:\/\/darsa.pl\/www\/wp-content\/uploads\/2020\/11\/scrapbooking3-1-scaled.jpg'><img loading=\"lazy\" decoding=\"async\" width=\"150\" height=\"150\" src=\"https:\/\/darsa.pl\/www\/wp-content\/uploads\/2020\/11\/scrapbooking3-1-150x150.jpg\" class=\"attachment-thumbnail size-thumbnail\" alt=\"\" \/><\/a>\n\t\t\t<\/dt><\/dl><br style=\"clear: both\" \/>\n\t\t<\/div>\n\n","protected":false},"excerpt":{"rendered":"<p>Od sierpnia 2020 roku Dzia\u0142dowska Agencja Rozwoju S.A. w partnerstwie z Publicznym Dzia\u0142dowskim Centrum Kszta\u0142cenia Ustawicznego DAR Szko\u0142\u0105 Policealn\u0105 realizuje przedsi\u0119wzi\u0119cie pn. Lokalny O\u015brodek Wiedzy i Edukacji w Dzia\u0142dowie. LOWE ma z za\u0142o\u017cenia wspiera\u0107 doros\u0142ych mieszka\u0144c\u00f3w Gminy Dzia\u0142dowo i Gminy Miasta Dzia\u0142dowo w drodze do podnoszenia kwalifikacji i kompetencji oraz [&hellip;]<\/p>\n","protected":false},"author":1,"featured_media":2345,"comment_status":"closed","ping_status":"open","sticky":false,"template":"","format":"standard","meta":{"footnotes":""},"categories":[1],"tags":[],"class_list":["post-2340","post","type-post","status-publish","format-standard","has-post-thumbnail","hentry","category-bez-kategorii"],"yoast_head":"<!-- This site is optimized with the Yoast SEO plugin v27.3 - https:\/\/yoast.com\/product\/yoast-seo-wordpress\/ -->\n<title>Dzia\u0142alno\u015b\u0107 w ramach przedsi\u0119wzi\u0119cia LOWE - Dzia\u0142dowska Agencja Rozwoju S.A.<\/title>\n<meta name=\"robots\" content=\"index, follow, max-snippet:-1, max-image-preview:large, max-video-preview:-1\" \/>\n<link rel=\"canonical\" href=\"https:\/\/darsa.pl\/www\/2020\/11\/12\/dzialalnosc-w-ramach-przedsiewziecia-lowe\/\" \/>\n<meta property=\"og:locale\" content=\"pl_PL\" \/>\n<meta property=\"og:type\" content=\"article\" \/>\n<meta property=\"og:title\" content=\"Dzia\u0142alno\u015b\u0107 w ramach przedsi\u0119wzi\u0119cia LOWE - Dzia\u0142dowska Agencja Rozwoju S.A.\" \/>\n<meta property=\"og:description\" content=\"Od sierpnia 2020 roku Dzia\u0142dowska Agencja Rozwoju S.A. w partnerstwie z Publicznym Dzia\u0142dowskim Centrum Kszta\u0142cenia Ustawicznego DAR Szko\u0142\u0105 Policealn\u0105 realizuje przedsi\u0119wzi\u0119cie pn. Lokalny O\u015brodek Wiedzy i Edukacji w Dzia\u0142dowie. LOWE ma z za\u0142o\u017cenia wspiera\u0107 doros\u0142ych mieszka\u0144c\u00f3w Gminy Dzia\u0142dowo i Gminy Miasta Dzia\u0142dowo w drodze do podnoszenia kwalifikacji i kompetencji oraz [&hellip;]\" \/>\n<meta property=\"og:url\" content=\"https:\/\/darsa.pl\/www\/2020\/11\/12\/dzialalnosc-w-ramach-przedsiewziecia-lowe\/\" \/>\n<meta property=\"og:site_name\" content=\"Dzia\u0142dowska Agencja Rozwoju S.A.\" \/>\n<meta property=\"article:published_time\" content=\"2020-11-12T09:00:07+00:00\" \/>\n<meta property=\"article:modified_time\" content=\"2020-11-13T10:48:20+00:00\" \/>\n<meta property=\"og:image\" content=\"https:\/\/darsa.pl\/www\/wp-content\/uploads\/2020\/11\/komputery1-1.jpg\" \/>\n\t<meta property=\"og:image:width\" content=\"1728\" \/>\n\t<meta property=\"og:image:height\" content=\"2304\" \/>\n\t<meta property=\"og:image:type\" content=\"image\/jpeg\" \/>\n<meta name=\"author\" content=\"adm\" \/>\n<meta name=\"twitter:card\" content=\"summary_large_image\" \/>\n<meta name=\"twitter:label1\" content=\"Napisane przez\" \/>\n\t<meta name=\"twitter:data1\" content=\"adm\" \/>\n\t<meta name=\"twitter:label2\" content=\"Szacowany czas czytania\" \/>\n\t<meta name=\"twitter:data2\" content=\"1 minuta\" \/>\n<script type=\"application\/ld+json\" class=\"yoast-schema-graph\">{\"@context\":\"https:\\\/\\\/schema.org\",\"@graph\":[{\"@type\":\"Article\",\"@id\":\"https:\\\/\\\/darsa.pl\\\/www\\\/2020\\\/11\\\/12\\\/dzialalnosc-w-ramach-przedsiewziecia-lowe\\\/#article\",\"isPartOf\":{\"@id\":\"https:\\\/\\\/darsa.pl\\\/www\\\/2020\\\/11\\\/12\\\/dzialalnosc-w-ramach-przedsiewziecia-lowe\\\/\"},\"author\":{\"name\":\"adm\",\"@id\":\"https:\\\/\\\/darsa.pl\\\/www\\\/#\\\/schema\\\/person\\\/4ab860c311e6f0c54365c7b76b6bf94a\"},\"headline\":\"Dzia\u0142alno\u015b\u0107 w ramach przedsi\u0119wzi\u0119cia LOWE\",\"datePublished\":\"2020-11-12T09:00:07+00:00\",\"dateModified\":\"2020-11-13T10:48:20+00:00\",\"mainEntityOfPage\":{\"@id\":\"https:\\\/\\\/darsa.pl\\\/www\\\/2020\\\/11\\\/12\\\/dzialalnosc-w-ramach-przedsiewziecia-lowe\\\/\"},\"wordCount\":255,\"publisher\":{\"@id\":\"https:\\\/\\\/darsa.pl\\\/www\\\/#organization\"},\"image\":{\"@id\":\"https:\\\/\\\/darsa.pl\\\/www\\\/2020\\\/11\\\/12\\\/dzialalnosc-w-ramach-przedsiewziecia-lowe\\\/#primaryimage\"},\"thumbnailUrl\":\"https:\\\/\\\/darsa.pl\\\/www\\\/wp-content\\\/uploads\\\/2020\\\/11\\\/komputery1-1.jpg\",\"articleSection\":[\"&nbsp;\"],\"inLanguage\":\"pl-PL\"},{\"@type\":\"WebPage\",\"@id\":\"https:\\\/\\\/darsa.pl\\\/www\\\/2020\\\/11\\\/12\\\/dzialalnosc-w-ramach-przedsiewziecia-lowe\\\/\",\"url\":\"https:\\\/\\\/darsa.pl\\\/www\\\/2020\\\/11\\\/12\\\/dzialalnosc-w-ramach-przedsiewziecia-lowe\\\/\",\"name\":\"Dzia\u0142alno\u015b\u0107 w ramach przedsi\u0119wzi\u0119cia LOWE - Dzia\u0142dowska Agencja Rozwoju S.A.\",\"isPartOf\":{\"@id\":\"https:\\\/\\\/darsa.pl\\\/www\\\/#website\"},\"primaryImageOfPage\":{\"@id\":\"https:\\\/\\\/darsa.pl\\\/www\\\/2020\\\/11\\\/12\\\/dzialalnosc-w-ramach-przedsiewziecia-lowe\\\/#primaryimage\"},\"image\":{\"@id\":\"https:\\\/\\\/darsa.pl\\\/www\\\/2020\\\/11\\\/12\\\/dzialalnosc-w-ramach-przedsiewziecia-lowe\\\/#primaryimage\"},\"thumbnailUrl\":\"https:\\\/\\\/darsa.pl\\\/www\\\/wp-content\\\/uploads\\\/2020\\\/11\\\/komputery1-1.jpg\",\"datePublished\":\"2020-11-12T09:00:07+00:00\",\"dateModified\":\"2020-11-13T10:48:20+00:00\",\"breadcrumb\":{\"@id\":\"https:\\\/\\\/darsa.pl\\\/www\\\/2020\\\/11\\\/12\\\/dzialalnosc-w-ramach-przedsiewziecia-lowe\\\/#breadcrumb\"},\"inLanguage\":\"pl-PL\",\"potentialAction\":[{\"@type\":\"ReadAction\",\"target\":[\"https:\\\/\\\/darsa.pl\\\/www\\\/2020\\\/11\\\/12\\\/dzialalnosc-w-ramach-przedsiewziecia-lowe\\\/\"]}]},{\"@type\":\"ImageObject\",\"inLanguage\":\"pl-PL\",\"@id\":\"https:\\\/\\\/darsa.pl\\\/www\\\/2020\\\/11\\\/12\\\/dzialalnosc-w-ramach-przedsiewziecia-lowe\\\/#primaryimage\",\"url\":\"https:\\\/\\\/darsa.pl\\\/www\\\/wp-content\\\/uploads\\\/2020\\\/11\\\/komputery1-1.jpg\",\"contentUrl\":\"https:\\\/\\\/darsa.pl\\\/www\\\/wp-content\\\/uploads\\\/2020\\\/11\\\/komputery1-1.jpg\",\"width\":1728,\"height\":2304},{\"@type\":\"BreadcrumbList\",\"@id\":\"https:\\\/\\\/darsa.pl\\\/www\\\/2020\\\/11\\\/12\\\/dzialalnosc-w-ramach-przedsiewziecia-lowe\\\/#breadcrumb\",\"itemListElement\":[{\"@type\":\"ListItem\",\"position\":1,\"name\":\"Strona g\u0142\u00f3wna\",\"item\":\"https:\\\/\\\/darsa.pl\\\/www\\\/\"},{\"@type\":\"ListItem\",\"position\":2,\"name\":\"Dzia\u0142alno\u015b\u0107 w ramach przedsi\u0119wzi\u0119cia LOWE\"}]},{\"@type\":\"WebSite\",\"@id\":\"https:\\\/\\\/darsa.pl\\\/www\\\/#website\",\"url\":\"https:\\\/\\\/darsa.pl\\\/www\\\/\",\"name\":\"Dzia\u0142dowska Agencja Rozwoju S.A.\",\"description\":\"Wspieranie ma\u0142ych i \u015brednich przedsi\u0119biorstw, edukacja i szkolenia.\",\"publisher\":{\"@id\":\"https:\\\/\\\/darsa.pl\\\/www\\\/#organization\"},\"potentialAction\":[{\"@type\":\"SearchAction\",\"target\":{\"@type\":\"EntryPoint\",\"urlTemplate\":\"https:\\\/\\\/darsa.pl\\\/www\\\/?s={search_term_string}\"},\"query-input\":{\"@type\":\"PropertyValueSpecification\",\"valueRequired\":true,\"valueName\":\"search_term_string\"}}],\"inLanguage\":\"pl-PL\"},{\"@type\":\"Organization\",\"@id\":\"https:\\\/\\\/darsa.pl\\\/www\\\/#organization\",\"name\":\"Dzia\u0142dowska Agencja Rozwoju S.A.\",\"url\":\"https:\\\/\\\/darsa.pl\\\/www\\\/\",\"logo\":{\"@type\":\"ImageObject\",\"inLanguage\":\"pl-PL\",\"@id\":\"https:\\\/\\\/darsa.pl\\\/www\\\/#\\\/schema\\\/logo\\\/image\\\/\",\"url\":\"https:\\\/\\\/darsa.pl\\\/www\\\/wp-content\\\/uploads\\\/2020\\\/06\\\/logo_h200px.png\",\"contentUrl\":\"https:\\\/\\\/darsa.pl\\\/www\\\/wp-content\\\/uploads\\\/2020\\\/06\\\/logo_h200px.png\",\"width\":856,\"height\":200,\"caption\":\"Dzia\u0142dowska Agencja Rozwoju S.A.\"},\"image\":{\"@id\":\"https:\\\/\\\/darsa.pl\\\/www\\\/#\\\/schema\\\/logo\\\/image\\\/\"}},{\"@type\":\"Person\",\"@id\":\"https:\\\/\\\/darsa.pl\\\/www\\\/#\\\/schema\\\/person\\\/4ab860c311e6f0c54365c7b76b6bf94a\",\"name\":\"adm\",\"image\":{\"@type\":\"ImageObject\",\"inLanguage\":\"pl-PL\",\"@id\":\"https:\\\/\\\/secure.gravatar.com\\\/avatar\\\/ee5ba569e71d2f8e78d549083e35e8659abc37adf85c4b481b548a7371c1c199?s=96&d=mm&r=g\",\"url\":\"https:\\\/\\\/secure.gravatar.com\\\/avatar\\\/ee5ba569e71d2f8e78d549083e35e8659abc37adf85c4b481b548a7371c1c199?s=96&d=mm&r=g\",\"contentUrl\":\"https:\\\/\\\/secure.gravatar.com\\\/avatar\\\/ee5ba569e71d2f8e78d549083e35e8659abc37adf85c4b481b548a7371c1c199?s=96&d=mm&r=g\",\"caption\":\"adm\"},\"sameAs\":[\"https:\\\/\\\/darsa.pl\\\/www\"],\"url\":\"https:\\\/\\\/darsa.pl\\\/www\\\/author\\\/adm\\\/\"}]}<\/script>\n<!-- \/ Yoast SEO plugin. -->","yoast_head_json":{"title":"Dzia\u0142alno\u015b\u0107 w ramach przedsi\u0119wzi\u0119cia LOWE - Dzia\u0142dowska Agencja Rozwoju S.A.","robots":{"index":"index","follow":"follow","max-snippet":"max-snippet:-1","max-image-preview":"max-image-preview:large","max-video-preview":"max-video-preview:-1"},"canonical":"https:\/\/darsa.pl\/www\/2020\/11\/12\/dzialalnosc-w-ramach-przedsiewziecia-lowe\/","og_locale":"pl_PL","og_type":"article","og_title":"Dzia\u0142alno\u015b\u0107 w ramach przedsi\u0119wzi\u0119cia LOWE - Dzia\u0142dowska Agencja Rozwoju S.A.","og_description":"Od sierpnia 2020 roku Dzia\u0142dowska Agencja Rozwoju S.A. w partnerstwie z Publicznym Dzia\u0142dowskim Centrum Kszta\u0142cenia Ustawicznego DAR Szko\u0142\u0105 Policealn\u0105 realizuje przedsi\u0119wzi\u0119cie pn. Lokalny O\u015brodek Wiedzy i Edukacji w Dzia\u0142dowie. LOWE ma z za\u0142o\u017cenia wspiera\u0107 doros\u0142ych mieszka\u0144c\u00f3w Gminy Dzia\u0142dowo i Gminy Miasta Dzia\u0142dowo w drodze do podnoszenia kwalifikacji i kompetencji oraz [&hellip;]","og_url":"https:\/\/darsa.pl\/www\/2020\/11\/12\/dzialalnosc-w-ramach-przedsiewziecia-lowe\/","og_site_name":"Dzia\u0142dowska Agencja Rozwoju S.A.","article_published_time":"2020-11-12T09:00:07+00:00","article_modified_time":"2020-11-13T10:48:20+00:00","og_image":[{"width":1728,"height":2304,"url":"https:\/\/darsa.pl\/www\/wp-content\/uploads\/2020\/11\/komputery1-1.jpg","type":"image\/jpeg"}],"author":"adm","twitter_card":"summary_large_image","twitter_misc":{"Napisane przez":"adm","Szacowany czas czytania":"1 minuta"},"schema":{"@context":"https:\/\/schema.org","@graph":[{"@type":"Article","@id":"https:\/\/darsa.pl\/www\/2020\/11\/12\/dzialalnosc-w-ramach-przedsiewziecia-lowe\/#article","isPartOf":{"@id":"https:\/\/darsa.pl\/www\/2020\/11\/12\/dzialalnosc-w-ramach-przedsiewziecia-lowe\/"},"author":{"name":"adm","@id":"https:\/\/darsa.pl\/www\/#\/schema\/person\/4ab860c311e6f0c54365c7b76b6bf94a"},"headline":"Dzia\u0142alno\u015b\u0107 w ramach przedsi\u0119wzi\u0119cia LOWE","datePublished":"2020-11-12T09:00:07+00:00","dateModified":"2020-11-13T10:48:20+00:00","mainEntityOfPage":{"@id":"https:\/\/darsa.pl\/www\/2020\/11\/12\/dzialalnosc-w-ramach-przedsiewziecia-lowe\/"},"wordCount":255,"publisher":{"@id":"https:\/\/darsa.pl\/www\/#organization"},"image":{"@id":"https:\/\/darsa.pl\/www\/2020\/11\/12\/dzialalnosc-w-ramach-przedsiewziecia-lowe\/#primaryimage"},"thumbnailUrl":"https:\/\/darsa.pl\/www\/wp-content\/uploads\/2020\/11\/komputery1-1.jpg","articleSection":["&nbsp;"],"inLanguage":"pl-PL"},{"@type":"WebPage","@id":"https:\/\/darsa.pl\/www\/2020\/11\/12\/dzialalnosc-w-ramach-przedsiewziecia-lowe\/","url":"https:\/\/darsa.pl\/www\/2020\/11\/12\/dzialalnosc-w-ramach-przedsiewziecia-lowe\/","name":"Dzia\u0142alno\u015b\u0107 w ramach przedsi\u0119wzi\u0119cia LOWE - Dzia\u0142dowska Agencja Rozwoju S.A.","isPartOf":{"@id":"https:\/\/darsa.pl\/www\/#website"},"primaryImageOfPage":{"@id":"https:\/\/darsa.pl\/www\/2020\/11\/12\/dzialalnosc-w-ramach-przedsiewziecia-lowe\/#primaryimage"},"image":{"@id":"https:\/\/darsa.pl\/www\/2020\/11\/12\/dzialalnosc-w-ramach-przedsiewziecia-lowe\/#primaryimage"},"thumbnailUrl":"https:\/\/darsa.pl\/www\/wp-content\/uploads\/2020\/11\/komputery1-1.jpg","datePublished":"2020-11-12T09:00:07+00:00","dateModified":"2020-11-13T10:48:20+00:00","breadcrumb":{"@id":"https:\/\/darsa.pl\/www\/2020\/11\/12\/dzialalnosc-w-ramach-przedsiewziecia-lowe\/#breadcrumb"},"inLanguage":"pl-PL","potentialAction":[{"@type":"ReadAction","target":["https:\/\/darsa.pl\/www\/2020\/11\/12\/dzialalnosc-w-ramach-przedsiewziecia-lowe\/"]}]},{"@type":"ImageObject","inLanguage":"pl-PL","@id":"https:\/\/darsa.pl\/www\/2020\/11\/12\/dzialalnosc-w-ramach-przedsiewziecia-lowe\/#primaryimage","url":"https:\/\/darsa.pl\/www\/wp-content\/uploads\/2020\/11\/komputery1-1.jpg","contentUrl":"https:\/\/darsa.pl\/www\/wp-content\/uploads\/2020\/11\/komputery1-1.jpg","width":1728,"height":2304},{"@type":"BreadcrumbList","@id":"https:\/\/darsa.pl\/www\/2020\/11\/12\/dzialalnosc-w-ramach-przedsiewziecia-lowe\/#breadcrumb","itemListElement":[{"@type":"ListItem","position":1,"name":"Strona g\u0142\u00f3wna","item":"https:\/\/darsa.pl\/www\/"},{"@type":"ListItem","position":2,"name":"Dzia\u0142alno\u015b\u0107 w ramach przedsi\u0119wzi\u0119cia LOWE"}]},{"@type":"WebSite","@id":"https:\/\/darsa.pl\/www\/#website","url":"https:\/\/darsa.pl\/www\/","name":"Dzia\u0142dowska Agencja Rozwoju S.A.","description":"Wspieranie ma\u0142ych i \u015brednich przedsi\u0119biorstw, edukacja i szkolenia.","publisher":{"@id":"https:\/\/darsa.pl\/www\/#organization"},"potentialAction":[{"@type":"SearchAction","target":{"@type":"EntryPoint","urlTemplate":"https:\/\/darsa.pl\/www\/?s={search_term_string}"},"query-input":{"@type":"PropertyValueSpecification","valueRequired":true,"valueName":"search_term_string"}}],"inLanguage":"pl-PL"},{"@type":"Organization","@id":"https:\/\/darsa.pl\/www\/#organization","name":"Dzia\u0142dowska Agencja Rozwoju S.A.","url":"https:\/\/darsa.pl\/www\/","logo":{"@type":"ImageObject","inLanguage":"pl-PL","@id":"https:\/\/darsa.pl\/www\/#\/schema\/logo\/image\/","url":"https:\/\/darsa.pl\/www\/wp-content\/uploads\/2020\/06\/logo_h200px.png","contentUrl":"https:\/\/darsa.pl\/www\/wp-content\/uploads\/2020\/06\/logo_h200px.png","width":856,"height":200,"caption":"Dzia\u0142dowska Agencja Rozwoju S.A."},"image":{"@id":"https:\/\/darsa.pl\/www\/#\/schema\/logo\/image\/"}},{"@type":"Person","@id":"https:\/\/darsa.pl\/www\/#\/schema\/person\/4ab860c311e6f0c54365c7b76b6bf94a","name":"adm","image":{"@type":"ImageObject","inLanguage":"pl-PL","@id":"https:\/\/secure.gravatar.com\/avatar\/ee5ba569e71d2f8e78d549083e35e8659abc37adf85c4b481b548a7371c1c199?s=96&d=mm&r=g","url":"https:\/\/secure.gravatar.com\/avatar\/ee5ba569e71d2f8e78d549083e35e8659abc37adf85c4b481b548a7371c1c199?s=96&d=mm&r=g","contentUrl":"https:\/\/secure.gravatar.com\/avatar\/ee5ba569e71d2f8e78d549083e35e8659abc37adf85c4b481b548a7371c1c199?s=96&d=mm&r=g","caption":"adm"},"sameAs":["https:\/\/darsa.pl\/www"],"url":"https:\/\/darsa.pl\/www\/author\/adm\/"}]}},"_links":{"self":[{"href":"https:\/\/darsa.pl\/www\/wp-json\/wp\/v2\/posts\/2340","targetHints":{"allow":["GET"]}}],"collection":[{"href":"https:\/\/darsa.pl\/www\/wp-json\/wp\/v2\/posts"}],"about":[{"href":"https:\/\/darsa.pl\/www\/wp-json\/wp\/v2\/types\/post"}],"author":[{"embeddable":true,"href":"https:\/\/darsa.pl\/www\/wp-json\/wp\/v2\/users\/1"}],"replies":[{"embeddable":true,"href":"https:\/\/darsa.pl\/www\/wp-json\/wp\/v2\/comments?post=2340"}],"version-history":[{"count":1,"href":"https:\/\/darsa.pl\/www\/wp-json\/wp\/v2\/posts\/2340\/revisions"}],"predecessor-version":[{"id":2359,"href":"https:\/\/darsa.pl\/www\/wp-json\/wp\/v2\/posts\/2340\/revisions\/2359"}],"wp:featuredmedia":[{"embeddable":true,"href":"https:\/\/darsa.pl\/www\/wp-json\/wp\/v2\/media\/2345"}],"wp:attachment":[{"href":"https:\/\/darsa.pl\/www\/wp-json\/wp\/v2\/media?parent=2340"}],"wp:term":[{"taxonomy":"category","embeddable":true,"href":"https:\/\/darsa.pl\/www\/wp-json\/wp\/v2\/categories?post=2340"},{"taxonomy":"post_tag","embeddable":true,"href":"https:\/\/darsa.pl\/www\/wp-json\/wp\/v2\/tags?post=2340"}],"curies":[{"name":"wp","href":"https:\/\/api.w.org\/{rel}","templated":true}]}}