{"id":2238,"date":"2020-10-16T14:00:18","date_gmt":"2020-10-16T12:00:18","guid":{"rendered":"https:\/\/darsa.pl\/www\/?p=2238"},"modified":"2020-11-05T14:22:21","modified_gmt":"2020-11-05T13:22:21","slug":"inicjatywy-laczace-ludzi","status":"publish","type":"post","link":"https:\/\/darsa.pl\/www\/2020\/10\/16\/inicjatywy-laczace-ludzi\/","title":{"rendered":"Inicjatywy \u0142\u0105cz\u0105ce ludzi"},"content":{"rendered":"<div>\n<p>Ekonomia spo\u0142eczna to szansa na lepsze, mo\u017cliwo\u015b\u0107 spe\u0142nienia marze\u0144, ch\u0119\u0107 bezinteresownej pomocy oraz inicjatywy \u0142\u0105cz\u0105ce ludzi\u2026. tak by\u0142o i tym razem gdzie budowa placu zabaw po\u0142\u0105czy\u0142a dwa podmioty. Z jednej strony przedsi\u0119biorstwo spo\u0142eczne Przyjaciele, prowadz\u0105ce klubik dzieci\u0119cy dla dzieci w wieku od 1 roku do 4 lat, z drugiej strony przedsi\u0119biorstwo spo\u0142eczne Wsp\u00f3lna Idea \u015bwiadcz\u0105ca us\u0142ugi og\u00f3lnobudowlane, us\u0142ugi dekarskie, us\u0142ugi sprz\u0105taj\u0105ce oraz us\u0142ugi zwi\u0105zane z piel\u0119gnacj\u0105 zieleni.<\/p>\n<p><span>Czytaj wi\u0119cej:<\/span> <a href=\"https:\/\/pozarzadowiec.eswip.pl\/aktualnosci\/272\" rel=\"noreferrer noopener\" target=\"_blank\" title=\"https:\/\/pozarzadowiec.eswip.pl\/aktualnosci\/272\" tabindex=\"-1\">https:\/\/pozarzadowiec.eswip.pl\/aktualnosci\/272<\/a><\/p>\n<p><em>Przedsi\u0119biorstwa spo\u0142eczne Wsp\u00f3lna Idea oraz Przyjaciele powsta\u0142y w ramach projektu pn. \u201eO\u015brodek Wsparcia Ekonomii Spo\u0142ecznej w Nidzicy\u201d realizowanego przez Dzia\u0142dowsk\u0105 Agencj\u0119 Rozwoju S.A. w partnerstwie z Nidzick\u0105 Fundacj\u0105 Rozwoju NIDA.<\/em><\/p>\n<\/div>\n","protected":false},"excerpt":{"rendered":"<p>Ekonomia spo\u0142eczna to szansa na lepsze, mo\u017cliwo\u015b\u0107 spe\u0142nienia marze\u0144, ch\u0119\u0107 bezinteresownej pomocy oraz inicjatywy \u0142\u0105cz\u0105ce ludzi\u2026. tak by\u0142o i tym razem gdzie budowa placu zabaw po\u0142\u0105czy\u0142a dwa podmioty. Z jednej strony przedsi\u0119biorstwo spo\u0142eczne Przyjaciele, prowadz\u0105ce klubik dzieci\u0119cy dla dzieci w wieku od 1 roku do 4 lat, z drugiej strony [&hellip;]<\/p>\n","protected":false},"author":1,"featured_media":0,"comment_status":"closed","ping_status":"open","sticky":false,"template":"","format":"standard","meta":{"footnotes":""},"categories":[1],"tags":[],"class_list":["post-2238","post","type-post","status-publish","format-standard","hentry","category-bez-kategorii"],"yoast_head":"<!-- This site is optimized with the Yoast SEO plugin v27.3 - https:\/\/yoast.com\/product\/yoast-seo-wordpress\/ -->\n<title>Inicjatywy \u0142\u0105cz\u0105ce ludzi - Dzia\u0142dowska Agencja Rozwoju S.A.<\/title>\n<meta name=\"robots\" content=\"index, follow, max-snippet:-1, max-image-preview:large, max-video-preview:-1\" \/>\n<link rel=\"canonical\" href=\"https:\/\/darsa.pl\/www\/2020\/10\/16\/inicjatywy-laczace-ludzi\/\" \/>\n<meta property=\"og:locale\" content=\"pl_PL\" \/>\n<meta property=\"og:type\" content=\"article\" \/>\n<meta property=\"og:title\" content=\"Inicjatywy \u0142\u0105cz\u0105ce ludzi - Dzia\u0142dowska Agencja Rozwoju S.A.\" \/>\n<meta property=\"og:description\" content=\"Ekonomia spo\u0142eczna to szansa na lepsze, mo\u017cliwo\u015b\u0107 spe\u0142nienia marze\u0144, ch\u0119\u0107 bezinteresownej pomocy oraz inicjatywy \u0142\u0105cz\u0105ce ludzi\u2026. tak by\u0142o i tym razem gdzie budowa placu zabaw po\u0142\u0105czy\u0142a dwa podmioty. Z jednej strony przedsi\u0119biorstwo spo\u0142eczne Przyjaciele, prowadz\u0105ce klubik dzieci\u0119cy dla dzieci w wieku od 1 roku do 4 lat, z drugiej strony [&hellip;]\" \/>\n<meta property=\"og:url\" content=\"https:\/\/darsa.pl\/www\/2020\/10\/16\/inicjatywy-laczace-ludzi\/\" \/>\n<meta property=\"og:site_name\" content=\"Dzia\u0142dowska Agencja Rozwoju S.A.\" \/>\n<meta property=\"article:published_time\" content=\"2020-10-16T12:00:18+00:00\" \/>\n<meta property=\"article:modified_time\" content=\"2020-11-05T13:22:21+00:00\" \/>\n<meta property=\"og:image\" content=\"https:\/\/darsa.pl\/www\/wp-content\/uploads\/2020\/07\/og_img3.png\" \/>\n\t<meta property=\"og:image:width\" content=\"1200\" \/>\n\t<meta property=\"og:image:height\" content=\"630\" \/>\n\t<meta property=\"og:image:type\" content=\"image\/png\" \/>\n<meta name=\"author\" content=\"adm\" \/>\n<meta name=\"twitter:card\" content=\"summary_large_image\" \/>\n<meta name=\"twitter:label1\" content=\"Napisane przez\" \/>\n\t<meta name=\"twitter:data1\" content=\"adm\" \/>\n\t<meta name=\"twitter:label2\" content=\"Szacowany czas czytania\" \/>\n\t<meta name=\"twitter:data2\" content=\"1 minuta\" \/>\n<script type=\"application\/ld+json\" class=\"yoast-schema-graph\">{\"@context\":\"https:\\\/\\\/schema.org\",\"@graph\":[{\"@type\":\"Article\",\"@id\":\"https:\\\/\\\/darsa.pl\\\/www\\\/2020\\\/10\\\/16\\\/inicjatywy-laczace-ludzi\\\/#article\",\"isPartOf\":{\"@id\":\"https:\\\/\\\/darsa.pl\\\/www\\\/2020\\\/10\\\/16\\\/inicjatywy-laczace-ludzi\\\/\"},\"author\":{\"name\":\"adm\",\"@id\":\"https:\\\/\\\/darsa.pl\\\/www\\\/#\\\/schema\\\/person\\\/4ab860c311e6f0c54365c7b76b6bf94a\"},\"headline\":\"Inicjatywy \u0142\u0105cz\u0105ce ludzi\",\"datePublished\":\"2020-10-16T12:00:18+00:00\",\"dateModified\":\"2020-11-05T13:22:21+00:00\",\"mainEntityOfPage\":{\"@id\":\"https:\\\/\\\/darsa.pl\\\/www\\\/2020\\\/10\\\/16\\\/inicjatywy-laczace-ludzi\\\/\"},\"wordCount\":139,\"publisher\":{\"@id\":\"https:\\\/\\\/darsa.pl\\\/www\\\/#organization\"},\"articleSection\":[\"&nbsp;\"],\"inLanguage\":\"pl-PL\"},{\"@type\":\"WebPage\",\"@id\":\"https:\\\/\\\/darsa.pl\\\/www\\\/2020\\\/10\\\/16\\\/inicjatywy-laczace-ludzi\\\/\",\"url\":\"https:\\\/\\\/darsa.pl\\\/www\\\/2020\\\/10\\\/16\\\/inicjatywy-laczace-ludzi\\\/\",\"name\":\"Inicjatywy \u0142\u0105cz\u0105ce ludzi - Dzia\u0142dowska Agencja Rozwoju S.A.\",\"isPartOf\":{\"@id\":\"https:\\\/\\\/darsa.pl\\\/www\\\/#website\"},\"datePublished\":\"2020-10-16T12:00:18+00:00\",\"dateModified\":\"2020-11-05T13:22:21+00:00\",\"breadcrumb\":{\"@id\":\"https:\\\/\\\/darsa.pl\\\/www\\\/2020\\\/10\\\/16\\\/inicjatywy-laczace-ludzi\\\/#breadcrumb\"},\"inLanguage\":\"pl-PL\",\"potentialAction\":[{\"@type\":\"ReadAction\",\"target\":[\"https:\\\/\\\/darsa.pl\\\/www\\\/2020\\\/10\\\/16\\\/inicjatywy-laczace-ludzi\\\/\"]}]},{\"@type\":\"BreadcrumbList\",\"@id\":\"https:\\\/\\\/darsa.pl\\\/www\\\/2020\\\/10\\\/16\\\/inicjatywy-laczace-ludzi\\\/#breadcrumb\",\"itemListElement\":[{\"@type\":\"ListItem\",\"position\":1,\"name\":\"Strona g\u0142\u00f3wna\",\"item\":\"https:\\\/\\\/darsa.pl\\\/www\\\/\"},{\"@type\":\"ListItem\",\"position\":2,\"name\":\"Inicjatywy \u0142\u0105cz\u0105ce ludzi\"}]},{\"@type\":\"WebSite\",\"@id\":\"https:\\\/\\\/darsa.pl\\\/www\\\/#website\",\"url\":\"https:\\\/\\\/darsa.pl\\\/www\\\/\",\"name\":\"Dzia\u0142dowska Agencja Rozwoju S.A.\",\"description\":\"Wspieranie ma\u0142ych i \u015brednich przedsi\u0119biorstw, edukacja i szkolenia.\",\"publisher\":{\"@id\":\"https:\\\/\\\/darsa.pl\\\/www\\\/#organization\"},\"potentialAction\":[{\"@type\":\"SearchAction\",\"target\":{\"@type\":\"EntryPoint\",\"urlTemplate\":\"https:\\\/\\\/darsa.pl\\\/www\\\/?s={search_term_string}\"},\"query-input\":{\"@type\":\"PropertyValueSpecification\",\"valueRequired\":true,\"valueName\":\"search_term_string\"}}],\"inLanguage\":\"pl-PL\"},{\"@type\":\"Organization\",\"@id\":\"https:\\\/\\\/darsa.pl\\\/www\\\/#organization\",\"name\":\"Dzia\u0142dowska Agencja Rozwoju S.A.\",\"url\":\"https:\\\/\\\/darsa.pl\\\/www\\\/\",\"logo\":{\"@type\":\"ImageObject\",\"inLanguage\":\"pl-PL\",\"@id\":\"https:\\\/\\\/darsa.pl\\\/www\\\/#\\\/schema\\\/logo\\\/image\\\/\",\"url\":\"https:\\\/\\\/darsa.pl\\\/www\\\/wp-content\\\/uploads\\\/2020\\\/06\\\/logo_h200px.png\",\"contentUrl\":\"https:\\\/\\\/darsa.pl\\\/www\\\/wp-content\\\/uploads\\\/2020\\\/06\\\/logo_h200px.png\",\"width\":856,\"height\":200,\"caption\":\"Dzia\u0142dowska Agencja Rozwoju S.A.\"},\"image\":{\"@id\":\"https:\\\/\\\/darsa.pl\\\/www\\\/#\\\/schema\\\/logo\\\/image\\\/\"}},{\"@type\":\"Person\",\"@id\":\"https:\\\/\\\/darsa.pl\\\/www\\\/#\\\/schema\\\/person\\\/4ab860c311e6f0c54365c7b76b6bf94a\",\"name\":\"adm\",\"image\":{\"@type\":\"ImageObject\",\"inLanguage\":\"pl-PL\",\"@id\":\"https:\\\/\\\/secure.gravatar.com\\\/avatar\\\/ee5ba569e71d2f8e78d549083e35e8659abc37adf85c4b481b548a7371c1c199?s=96&d=mm&r=g\",\"url\":\"https:\\\/\\\/secure.gravatar.com\\\/avatar\\\/ee5ba569e71d2f8e78d549083e35e8659abc37adf85c4b481b548a7371c1c199?s=96&d=mm&r=g\",\"contentUrl\":\"https:\\\/\\\/secure.gravatar.com\\\/avatar\\\/ee5ba569e71d2f8e78d549083e35e8659abc37adf85c4b481b548a7371c1c199?s=96&d=mm&r=g\",\"caption\":\"adm\"},\"sameAs\":[\"https:\\\/\\\/darsa.pl\\\/www\"],\"url\":\"https:\\\/\\\/darsa.pl\\\/www\\\/author\\\/adm\\\/\"}]}<\/script>\n<!-- \/ Yoast SEO plugin. -->","yoast_head_json":{"title":"Inicjatywy \u0142\u0105cz\u0105ce ludzi - Dzia\u0142dowska Agencja Rozwoju S.A.","robots":{"index":"index","follow":"follow","max-snippet":"max-snippet:-1","max-image-preview":"max-image-preview:large","max-video-preview":"max-video-preview:-1"},"canonical":"https:\/\/darsa.pl\/www\/2020\/10\/16\/inicjatywy-laczace-ludzi\/","og_locale":"pl_PL","og_type":"article","og_title":"Inicjatywy \u0142\u0105cz\u0105ce ludzi - Dzia\u0142dowska Agencja Rozwoju S.A.","og_description":"Ekonomia spo\u0142eczna to szansa na lepsze, mo\u017cliwo\u015b\u0107 spe\u0142nienia marze\u0144, ch\u0119\u0107 bezinteresownej pomocy oraz inicjatywy \u0142\u0105cz\u0105ce ludzi\u2026. tak by\u0142o i tym razem gdzie budowa placu zabaw po\u0142\u0105czy\u0142a dwa podmioty. Z jednej strony przedsi\u0119biorstwo spo\u0142eczne Przyjaciele, prowadz\u0105ce klubik dzieci\u0119cy dla dzieci w wieku od 1 roku do 4 lat, z drugiej strony [&hellip;]","og_url":"https:\/\/darsa.pl\/www\/2020\/10\/16\/inicjatywy-laczace-ludzi\/","og_site_name":"Dzia\u0142dowska Agencja Rozwoju S.A.","article_published_time":"2020-10-16T12:00:18+00:00","article_modified_time":"2020-11-05T13:22:21+00:00","og_image":[{"width":1200,"height":630,"url":"https:\/\/darsa.pl\/www\/wp-content\/uploads\/2020\/07\/og_img3.png","type":"image\/png"}],"author":"adm","twitter_card":"summary_large_image","twitter_misc":{"Napisane przez":"adm","Szacowany czas czytania":"1 minuta"},"schema":{"@context":"https:\/\/schema.org","@graph":[{"@type":"Article","@id":"https:\/\/darsa.pl\/www\/2020\/10\/16\/inicjatywy-laczace-ludzi\/#article","isPartOf":{"@id":"https:\/\/darsa.pl\/www\/2020\/10\/16\/inicjatywy-laczace-ludzi\/"},"author":{"name":"adm","@id":"https:\/\/darsa.pl\/www\/#\/schema\/person\/4ab860c311e6f0c54365c7b76b6bf94a"},"headline":"Inicjatywy \u0142\u0105cz\u0105ce ludzi","datePublished":"2020-10-16T12:00:18+00:00","dateModified":"2020-11-05T13:22:21+00:00","mainEntityOfPage":{"@id":"https:\/\/darsa.pl\/www\/2020\/10\/16\/inicjatywy-laczace-ludzi\/"},"wordCount":139,"publisher":{"@id":"https:\/\/darsa.pl\/www\/#organization"},"articleSection":["&nbsp;"],"inLanguage":"pl-PL"},{"@type":"WebPage","@id":"https:\/\/darsa.pl\/www\/2020\/10\/16\/inicjatywy-laczace-ludzi\/","url":"https:\/\/darsa.pl\/www\/2020\/10\/16\/inicjatywy-laczace-ludzi\/","name":"Inicjatywy \u0142\u0105cz\u0105ce ludzi - Dzia\u0142dowska Agencja Rozwoju S.A.","isPartOf":{"@id":"https:\/\/darsa.pl\/www\/#website"},"datePublished":"2020-10-16T12:00:18+00:00","dateModified":"2020-11-05T13:22:21+00:00","breadcrumb":{"@id":"https:\/\/darsa.pl\/www\/2020\/10\/16\/inicjatywy-laczace-ludzi\/#breadcrumb"},"inLanguage":"pl-PL","potentialAction":[{"@type":"ReadAction","target":["https:\/\/darsa.pl\/www\/2020\/10\/16\/inicjatywy-laczace-ludzi\/"]}]},{"@type":"BreadcrumbList","@id":"https:\/\/darsa.pl\/www\/2020\/10\/16\/inicjatywy-laczace-ludzi\/#breadcrumb","itemListElement":[{"@type":"ListItem","position":1,"name":"Strona g\u0142\u00f3wna","item":"https:\/\/darsa.pl\/www\/"},{"@type":"ListItem","position":2,"name":"Inicjatywy \u0142\u0105cz\u0105ce ludzi"}]},{"@type":"WebSite","@id":"https:\/\/darsa.pl\/www\/#website","url":"https:\/\/darsa.pl\/www\/","name":"Dzia\u0142dowska Agencja Rozwoju S.A.","description":"Wspieranie ma\u0142ych i \u015brednich przedsi\u0119biorstw, edukacja i szkolenia.","publisher":{"@id":"https:\/\/darsa.pl\/www\/#organization"},"potentialAction":[{"@type":"SearchAction","target":{"@type":"EntryPoint","urlTemplate":"https:\/\/darsa.pl\/www\/?s={search_term_string}"},"query-input":{"@type":"PropertyValueSpecification","valueRequired":true,"valueName":"search_term_string"}}],"inLanguage":"pl-PL"},{"@type":"Organization","@id":"https:\/\/darsa.pl\/www\/#organization","name":"Dzia\u0142dowska Agencja Rozwoju S.A.","url":"https:\/\/darsa.pl\/www\/","logo":{"@type":"ImageObject","inLanguage":"pl-PL","@id":"https:\/\/darsa.pl\/www\/#\/schema\/logo\/image\/","url":"https:\/\/darsa.pl\/www\/wp-content\/uploads\/2020\/06\/logo_h200px.png","contentUrl":"https:\/\/darsa.pl\/www\/wp-content\/uploads\/2020\/06\/logo_h200px.png","width":856,"height":200,"caption":"Dzia\u0142dowska Agencja Rozwoju S.A."},"image":{"@id":"https:\/\/darsa.pl\/www\/#\/schema\/logo\/image\/"}},{"@type":"Person","@id":"https:\/\/darsa.pl\/www\/#\/schema\/person\/4ab860c311e6f0c54365c7b76b6bf94a","name":"adm","image":{"@type":"ImageObject","inLanguage":"pl-PL","@id":"https:\/\/secure.gravatar.com\/avatar\/ee5ba569e71d2f8e78d549083e35e8659abc37adf85c4b481b548a7371c1c199?s=96&d=mm&r=g","url":"https:\/\/secure.gravatar.com\/avatar\/ee5ba569e71d2f8e78d549083e35e8659abc37adf85c4b481b548a7371c1c199?s=96&d=mm&r=g","contentUrl":"https:\/\/secure.gravatar.com\/avatar\/ee5ba569e71d2f8e78d549083e35e8659abc37adf85c4b481b548a7371c1c199?s=96&d=mm&r=g","caption":"adm"},"sameAs":["https:\/\/darsa.pl\/www"],"url":"https:\/\/darsa.pl\/www\/author\/adm\/"}]}},"_links":{"self":[{"href":"https:\/\/darsa.pl\/www\/wp-json\/wp\/v2\/posts\/2238","targetHints":{"allow":["GET"]}}],"collection":[{"href":"https:\/\/darsa.pl\/www\/wp-json\/wp\/v2\/posts"}],"about":[{"href":"https:\/\/darsa.pl\/www\/wp-json\/wp\/v2\/types\/post"}],"author":[{"embeddable":true,"href":"https:\/\/darsa.pl\/www\/wp-json\/wp\/v2\/users\/1"}],"replies":[{"embeddable":true,"href":"https:\/\/darsa.pl\/www\/wp-json\/wp\/v2\/comments?post=2238"}],"version-history":[{"count":2,"href":"https:\/\/darsa.pl\/www\/wp-json\/wp\/v2\/posts\/2238\/revisions"}],"predecessor-version":[{"id":2297,"href":"https:\/\/darsa.pl\/www\/wp-json\/wp\/v2\/posts\/2238\/revisions\/2297"}],"wp:attachment":[{"href":"https:\/\/darsa.pl\/www\/wp-json\/wp\/v2\/media?parent=2238"}],"wp:term":[{"taxonomy":"category","embeddable":true,"href":"https:\/\/darsa.pl\/www\/wp-json\/wp\/v2\/categories?post=2238"},{"taxonomy":"post_tag","embeddable":true,"href":"https:\/\/darsa.pl\/www\/wp-json\/wp\/v2\/tags?post=2238"}],"curies":[{"name":"wp","href":"https:\/\/api.w.org\/{rel}","templated":true}]}}