{"id":1752,"date":"2020-08-02T10:00:59","date_gmt":"2020-08-02T08:00:59","guid":{"rendered":"https:\/\/darsa.pl\/www\/?p=1752"},"modified":"2020-11-05T15:16:56","modified_gmt":"2020-11-05T14:16:56","slug":"ankieta-dla-mieszkancow-powiatu","status":"publish","type":"post","link":"https:\/\/darsa.pl\/www\/2020\/08\/02\/ankieta-dla-mieszkancow-powiatu\/","title":{"rendered":"Ankieta dla mieszka\u0144c\u00f3w powiatu"},"content":{"rendered":"<p>W imieniu Zarz\u0105du Powiatu Dzia\u0142dowskiego\u00a0<b>bardzo prosimy o\u00a0wype\u0142nienie ankiety dla mieszka\u0144c\u00f3w powiatu dzia\u0142dowskiego<\/b>, kt\u00f3ra jest jednym z narz\u0119dzi do opracowania Strategii nowo powsta\u0142ego Obszaru Funkcjonalnego \u2013 Po\u0142udniowe Mazury, kt\u00f3ry tworz\u0105 powiaty: dzia\u0142dowski, nidzicki, szczycie\u0144ski i piski.\u00a0<strong>Celem nowo powsta\u0142ego porozumienia ponadlokalnego czterech powiat\u00f3w jest pozyskanie dodatkowego dofinansowania<\/strong>\u00a0pozakonkursowego z puli \u015brodk\u00f3w Unii Europejskiej na lata 2021 \u2013 2027 z bud\u017cetu wojew\u00f3dztwa warmi\u0144sko \u2013 mazurskiego.<\/p>\n<p style=\"text-align: center;\"><a href=\"https:\/\/darsa.pl\/images\/apel_do_mieszkancow.pdf\" target=\"_blank\" rel=\"noopener noreferrer\">Przejd\u017a do ankiety &gt;&gt;&gt;<\/a><\/p>\n","protected":false},"excerpt":{"rendered":"<p>W imieniu Zarz\u0105du Powiatu Dzia\u0142dowskiego\u00a0bardzo prosimy o\u00a0wype\u0142nienie ankiety dla mieszka\u0144c\u00f3w powiatu dzia\u0142dowskiego, kt\u00f3ra jest jednym z narz\u0119dzi do opracowania Strategii nowo powsta\u0142ego Obszaru Funkcjonalnego \u2013 Po\u0142udniowe Mazury, kt\u00f3ry tworz\u0105 powiaty: dzia\u0142dowski, nidzicki, szczycie\u0144ski i piski.\u00a0Celem nowo powsta\u0142ego porozumienia ponadlokalnego czterech powiat\u00f3w jest pozyskanie dodatkowego dofinansowania\u00a0pozakonkursowego z puli \u015brodk\u00f3w Unii Europejskiej [&hellip;]<\/p>\n","protected":false},"author":1,"featured_media":0,"comment_status":"closed","ping_status":"open","sticky":false,"template":"","format":"standard","meta":{"footnotes":""},"categories":[1],"tags":[],"class_list":["post-1752","post","type-post","status-publish","format-standard","hentry","category-bez-kategorii"],"yoast_head":"<!-- This site is optimized with the Yoast SEO plugin v27.3 - https:\/\/yoast.com\/product\/yoast-seo-wordpress\/ -->\n<title>Ankieta dla mieszka\u0144c\u00f3w powiatu - Dzia\u0142dowska Agencja Rozwoju S.A.<\/title>\n<meta name=\"robots\" content=\"index, follow, max-snippet:-1, max-image-preview:large, max-video-preview:-1\" \/>\n<link rel=\"canonical\" href=\"https:\/\/darsa.pl\/www\/2020\/08\/02\/ankieta-dla-mieszkancow-powiatu\/\" \/>\n<meta property=\"og:locale\" content=\"pl_PL\" \/>\n<meta property=\"og:type\" content=\"article\" \/>\n<meta property=\"og:title\" content=\"Ankieta dla mieszka\u0144c\u00f3w powiatu - Dzia\u0142dowska Agencja Rozwoju S.A.\" \/>\n<meta property=\"og:description\" content=\"W imieniu Zarz\u0105du Powiatu Dzia\u0142dowskiego\u00a0bardzo prosimy o\u00a0wype\u0142nienie ankiety dla mieszka\u0144c\u00f3w powiatu dzia\u0142dowskiego, kt\u00f3ra jest jednym z narz\u0119dzi do opracowania Strategii nowo powsta\u0142ego Obszaru Funkcjonalnego \u2013 Po\u0142udniowe Mazury, kt\u00f3ry tworz\u0105 powiaty: dzia\u0142dowski, nidzicki, szczycie\u0144ski i piski.\u00a0Celem nowo powsta\u0142ego porozumienia ponadlokalnego czterech powiat\u00f3w jest pozyskanie dodatkowego dofinansowania\u00a0pozakonkursowego z puli \u015brodk\u00f3w Unii Europejskiej [&hellip;]\" \/>\n<meta property=\"og:url\" content=\"https:\/\/darsa.pl\/www\/2020\/08\/02\/ankieta-dla-mieszkancow-powiatu\/\" \/>\n<meta property=\"og:site_name\" content=\"Dzia\u0142dowska Agencja Rozwoju S.A.\" \/>\n<meta property=\"article:published_time\" content=\"2020-08-02T08:00:59+00:00\" \/>\n<meta property=\"article:modified_time\" content=\"2020-11-05T14:16:56+00:00\" \/>\n<meta property=\"og:image\" content=\"https:\/\/darsa.pl\/www\/wp-content\/uploads\/2020\/07\/og_img3.png\" \/>\n\t<meta property=\"og:image:width\" content=\"1200\" \/>\n\t<meta property=\"og:image:height\" content=\"630\" \/>\n\t<meta property=\"og:image:type\" content=\"image\/png\" \/>\n<meta name=\"author\" content=\"adm\" \/>\n<meta name=\"twitter:card\" content=\"summary_large_image\" \/>\n<meta name=\"twitter:label1\" content=\"Napisane przez\" \/>\n\t<meta name=\"twitter:data1\" content=\"adm\" \/>\n<script type=\"application\/ld+json\" class=\"yoast-schema-graph\">{\"@context\":\"https:\\\/\\\/schema.org\",\"@graph\":[{\"@type\":\"Article\",\"@id\":\"https:\\\/\\\/darsa.pl\\\/www\\\/2020\\\/08\\\/02\\\/ankieta-dla-mieszkancow-powiatu\\\/#article\",\"isPartOf\":{\"@id\":\"https:\\\/\\\/darsa.pl\\\/www\\\/2020\\\/08\\\/02\\\/ankieta-dla-mieszkancow-powiatu\\\/\"},\"author\":{\"name\":\"adm\",\"@id\":\"https:\\\/\\\/darsa.pl\\\/www\\\/#\\\/schema\\\/person\\\/4ab860c311e6f0c54365c7b76b6bf94a\"},\"headline\":\"Ankieta dla mieszka\u0144c\u00f3w powiatu\",\"datePublished\":\"2020-08-02T08:00:59+00:00\",\"dateModified\":\"2020-11-05T14:16:56+00:00\",\"mainEntityOfPage\":{\"@id\":\"https:\\\/\\\/darsa.pl\\\/www\\\/2020\\\/08\\\/02\\\/ankieta-dla-mieszkancow-powiatu\\\/\"},\"wordCount\":91,\"publisher\":{\"@id\":\"https:\\\/\\\/darsa.pl\\\/www\\\/#organization\"},\"articleSection\":[\"&nbsp;\"],\"inLanguage\":\"pl-PL\"},{\"@type\":\"WebPage\",\"@id\":\"https:\\\/\\\/darsa.pl\\\/www\\\/2020\\\/08\\\/02\\\/ankieta-dla-mieszkancow-powiatu\\\/\",\"url\":\"https:\\\/\\\/darsa.pl\\\/www\\\/2020\\\/08\\\/02\\\/ankieta-dla-mieszkancow-powiatu\\\/\",\"name\":\"Ankieta dla mieszka\u0144c\u00f3w powiatu - Dzia\u0142dowska Agencja Rozwoju S.A.\",\"isPartOf\":{\"@id\":\"https:\\\/\\\/darsa.pl\\\/www\\\/#website\"},\"datePublished\":\"2020-08-02T08:00:59+00:00\",\"dateModified\":\"2020-11-05T14:16:56+00:00\",\"breadcrumb\":{\"@id\":\"https:\\\/\\\/darsa.pl\\\/www\\\/2020\\\/08\\\/02\\\/ankieta-dla-mieszkancow-powiatu\\\/#breadcrumb\"},\"inLanguage\":\"pl-PL\",\"potentialAction\":[{\"@type\":\"ReadAction\",\"target\":[\"https:\\\/\\\/darsa.pl\\\/www\\\/2020\\\/08\\\/02\\\/ankieta-dla-mieszkancow-powiatu\\\/\"]}]},{\"@type\":\"BreadcrumbList\",\"@id\":\"https:\\\/\\\/darsa.pl\\\/www\\\/2020\\\/08\\\/02\\\/ankieta-dla-mieszkancow-powiatu\\\/#breadcrumb\",\"itemListElement\":[{\"@type\":\"ListItem\",\"position\":1,\"name\":\"Strona g\u0142\u00f3wna\",\"item\":\"https:\\\/\\\/darsa.pl\\\/www\\\/\"},{\"@type\":\"ListItem\",\"position\":2,\"name\":\"Ankieta dla mieszka\u0144c\u00f3w powiatu\"}]},{\"@type\":\"WebSite\",\"@id\":\"https:\\\/\\\/darsa.pl\\\/www\\\/#website\",\"url\":\"https:\\\/\\\/darsa.pl\\\/www\\\/\",\"name\":\"Dzia\u0142dowska Agencja Rozwoju S.A.\",\"description\":\"Wspieranie ma\u0142ych i \u015brednich przedsi\u0119biorstw, edukacja i szkolenia.\",\"publisher\":{\"@id\":\"https:\\\/\\\/darsa.pl\\\/www\\\/#organization\"},\"potentialAction\":[{\"@type\":\"SearchAction\",\"target\":{\"@type\":\"EntryPoint\",\"urlTemplate\":\"https:\\\/\\\/darsa.pl\\\/www\\\/?s={search_term_string}\"},\"query-input\":{\"@type\":\"PropertyValueSpecification\",\"valueRequired\":true,\"valueName\":\"search_term_string\"}}],\"inLanguage\":\"pl-PL\"},{\"@type\":\"Organization\",\"@id\":\"https:\\\/\\\/darsa.pl\\\/www\\\/#organization\",\"name\":\"Dzia\u0142dowska Agencja Rozwoju S.A.\",\"url\":\"https:\\\/\\\/darsa.pl\\\/www\\\/\",\"logo\":{\"@type\":\"ImageObject\",\"inLanguage\":\"pl-PL\",\"@id\":\"https:\\\/\\\/darsa.pl\\\/www\\\/#\\\/schema\\\/logo\\\/image\\\/\",\"url\":\"https:\\\/\\\/darsa.pl\\\/www\\\/wp-content\\\/uploads\\\/2020\\\/06\\\/logo_h200px.png\",\"contentUrl\":\"https:\\\/\\\/darsa.pl\\\/www\\\/wp-content\\\/uploads\\\/2020\\\/06\\\/logo_h200px.png\",\"width\":856,\"height\":200,\"caption\":\"Dzia\u0142dowska Agencja Rozwoju S.A.\"},\"image\":{\"@id\":\"https:\\\/\\\/darsa.pl\\\/www\\\/#\\\/schema\\\/logo\\\/image\\\/\"}},{\"@type\":\"Person\",\"@id\":\"https:\\\/\\\/darsa.pl\\\/www\\\/#\\\/schema\\\/person\\\/4ab860c311e6f0c54365c7b76b6bf94a\",\"name\":\"adm\",\"image\":{\"@type\":\"ImageObject\",\"inLanguage\":\"pl-PL\",\"@id\":\"https:\\\/\\\/secure.gravatar.com\\\/avatar\\\/ee5ba569e71d2f8e78d549083e35e8659abc37adf85c4b481b548a7371c1c199?s=96&d=mm&r=g\",\"url\":\"https:\\\/\\\/secure.gravatar.com\\\/avatar\\\/ee5ba569e71d2f8e78d549083e35e8659abc37adf85c4b481b548a7371c1c199?s=96&d=mm&r=g\",\"contentUrl\":\"https:\\\/\\\/secure.gravatar.com\\\/avatar\\\/ee5ba569e71d2f8e78d549083e35e8659abc37adf85c4b481b548a7371c1c199?s=96&d=mm&r=g\",\"caption\":\"adm\"},\"sameAs\":[\"https:\\\/\\\/darsa.pl\\\/www\"],\"url\":\"https:\\\/\\\/darsa.pl\\\/www\\\/author\\\/adm\\\/\"}]}<\/script>\n<!-- \/ Yoast SEO plugin. -->","yoast_head_json":{"title":"Ankieta dla mieszka\u0144c\u00f3w powiatu - Dzia\u0142dowska Agencja Rozwoju S.A.","robots":{"index":"index","follow":"follow","max-snippet":"max-snippet:-1","max-image-preview":"max-image-preview:large","max-video-preview":"max-video-preview:-1"},"canonical":"https:\/\/darsa.pl\/www\/2020\/08\/02\/ankieta-dla-mieszkancow-powiatu\/","og_locale":"pl_PL","og_type":"article","og_title":"Ankieta dla mieszka\u0144c\u00f3w powiatu - Dzia\u0142dowska Agencja Rozwoju S.A.","og_description":"W imieniu Zarz\u0105du Powiatu Dzia\u0142dowskiego\u00a0bardzo prosimy o\u00a0wype\u0142nienie ankiety dla mieszka\u0144c\u00f3w powiatu dzia\u0142dowskiego, kt\u00f3ra jest jednym z narz\u0119dzi do opracowania Strategii nowo powsta\u0142ego Obszaru Funkcjonalnego \u2013 Po\u0142udniowe Mazury, kt\u00f3ry tworz\u0105 powiaty: dzia\u0142dowski, nidzicki, szczycie\u0144ski i piski.\u00a0Celem nowo powsta\u0142ego porozumienia ponadlokalnego czterech powiat\u00f3w jest pozyskanie dodatkowego dofinansowania\u00a0pozakonkursowego z puli \u015brodk\u00f3w Unii Europejskiej [&hellip;]","og_url":"https:\/\/darsa.pl\/www\/2020\/08\/02\/ankieta-dla-mieszkancow-powiatu\/","og_site_name":"Dzia\u0142dowska Agencja Rozwoju S.A.","article_published_time":"2020-08-02T08:00:59+00:00","article_modified_time":"2020-11-05T14:16:56+00:00","og_image":[{"width":1200,"height":630,"url":"https:\/\/darsa.pl\/www\/wp-content\/uploads\/2020\/07\/og_img3.png","type":"image\/png"}],"author":"adm","twitter_card":"summary_large_image","twitter_misc":{"Napisane przez":"adm"},"schema":{"@context":"https:\/\/schema.org","@graph":[{"@type":"Article","@id":"https:\/\/darsa.pl\/www\/2020\/08\/02\/ankieta-dla-mieszkancow-powiatu\/#article","isPartOf":{"@id":"https:\/\/darsa.pl\/www\/2020\/08\/02\/ankieta-dla-mieszkancow-powiatu\/"},"author":{"name":"adm","@id":"https:\/\/darsa.pl\/www\/#\/schema\/person\/4ab860c311e6f0c54365c7b76b6bf94a"},"headline":"Ankieta dla mieszka\u0144c\u00f3w powiatu","datePublished":"2020-08-02T08:00:59+00:00","dateModified":"2020-11-05T14:16:56+00:00","mainEntityOfPage":{"@id":"https:\/\/darsa.pl\/www\/2020\/08\/02\/ankieta-dla-mieszkancow-powiatu\/"},"wordCount":91,"publisher":{"@id":"https:\/\/darsa.pl\/www\/#organization"},"articleSection":["&nbsp;"],"inLanguage":"pl-PL"},{"@type":"WebPage","@id":"https:\/\/darsa.pl\/www\/2020\/08\/02\/ankieta-dla-mieszkancow-powiatu\/","url":"https:\/\/darsa.pl\/www\/2020\/08\/02\/ankieta-dla-mieszkancow-powiatu\/","name":"Ankieta dla mieszka\u0144c\u00f3w powiatu - Dzia\u0142dowska Agencja Rozwoju S.A.","isPartOf":{"@id":"https:\/\/darsa.pl\/www\/#website"},"datePublished":"2020-08-02T08:00:59+00:00","dateModified":"2020-11-05T14:16:56+00:00","breadcrumb":{"@id":"https:\/\/darsa.pl\/www\/2020\/08\/02\/ankieta-dla-mieszkancow-powiatu\/#breadcrumb"},"inLanguage":"pl-PL","potentialAction":[{"@type":"ReadAction","target":["https:\/\/darsa.pl\/www\/2020\/08\/02\/ankieta-dla-mieszkancow-powiatu\/"]}]},{"@type":"BreadcrumbList","@id":"https:\/\/darsa.pl\/www\/2020\/08\/02\/ankieta-dla-mieszkancow-powiatu\/#breadcrumb","itemListElement":[{"@type":"ListItem","position":1,"name":"Strona g\u0142\u00f3wna","item":"https:\/\/darsa.pl\/www\/"},{"@type":"ListItem","position":2,"name":"Ankieta dla mieszka\u0144c\u00f3w powiatu"}]},{"@type":"WebSite","@id":"https:\/\/darsa.pl\/www\/#website","url":"https:\/\/darsa.pl\/www\/","name":"Dzia\u0142dowska Agencja Rozwoju S.A.","description":"Wspieranie ma\u0142ych i \u015brednich przedsi\u0119biorstw, edukacja i szkolenia.","publisher":{"@id":"https:\/\/darsa.pl\/www\/#organization"},"potentialAction":[{"@type":"SearchAction","target":{"@type":"EntryPoint","urlTemplate":"https:\/\/darsa.pl\/www\/?s={search_term_string}"},"query-input":{"@type":"PropertyValueSpecification","valueRequired":true,"valueName":"search_term_string"}}],"inLanguage":"pl-PL"},{"@type":"Organization","@id":"https:\/\/darsa.pl\/www\/#organization","name":"Dzia\u0142dowska Agencja Rozwoju S.A.","url":"https:\/\/darsa.pl\/www\/","logo":{"@type":"ImageObject","inLanguage":"pl-PL","@id":"https:\/\/darsa.pl\/www\/#\/schema\/logo\/image\/","url":"https:\/\/darsa.pl\/www\/wp-content\/uploads\/2020\/06\/logo_h200px.png","contentUrl":"https:\/\/darsa.pl\/www\/wp-content\/uploads\/2020\/06\/logo_h200px.png","width":856,"height":200,"caption":"Dzia\u0142dowska Agencja Rozwoju S.A."},"image":{"@id":"https:\/\/darsa.pl\/www\/#\/schema\/logo\/image\/"}},{"@type":"Person","@id":"https:\/\/darsa.pl\/www\/#\/schema\/person\/4ab860c311e6f0c54365c7b76b6bf94a","name":"adm","image":{"@type":"ImageObject","inLanguage":"pl-PL","@id":"https:\/\/secure.gravatar.com\/avatar\/ee5ba569e71d2f8e78d549083e35e8659abc37adf85c4b481b548a7371c1c199?s=96&d=mm&r=g","url":"https:\/\/secure.gravatar.com\/avatar\/ee5ba569e71d2f8e78d549083e35e8659abc37adf85c4b481b548a7371c1c199?s=96&d=mm&r=g","contentUrl":"https:\/\/secure.gravatar.com\/avatar\/ee5ba569e71d2f8e78d549083e35e8659abc37adf85c4b481b548a7371c1c199?s=96&d=mm&r=g","caption":"adm"},"sameAs":["https:\/\/darsa.pl\/www"],"url":"https:\/\/darsa.pl\/www\/author\/adm\/"}]}},"_links":{"self":[{"href":"https:\/\/darsa.pl\/www\/wp-json\/wp\/v2\/posts\/1752","targetHints":{"allow":["GET"]}}],"collection":[{"href":"https:\/\/darsa.pl\/www\/wp-json\/wp\/v2\/posts"}],"about":[{"href":"https:\/\/darsa.pl\/www\/wp-json\/wp\/v2\/types\/post"}],"author":[{"embeddable":true,"href":"https:\/\/darsa.pl\/www\/wp-json\/wp\/v2\/users\/1"}],"replies":[{"embeddable":true,"href":"https:\/\/darsa.pl\/www\/wp-json\/wp\/v2\/comments?post=1752"}],"version-history":[{"count":1,"href":"https:\/\/darsa.pl\/www\/wp-json\/wp\/v2\/posts\/1752\/revisions"}],"predecessor-version":[{"id":1753,"href":"https:\/\/darsa.pl\/www\/wp-json\/wp\/v2\/posts\/1752\/revisions\/1753"}],"wp:attachment":[{"href":"https:\/\/darsa.pl\/www\/wp-json\/wp\/v2\/media?parent=1752"}],"wp:term":[{"taxonomy":"category","embeddable":true,"href":"https:\/\/darsa.pl\/www\/wp-json\/wp\/v2\/categories?post=1752"},{"taxonomy":"post_tag","embeddable":true,"href":"https:\/\/darsa.pl\/www\/wp-json\/wp\/v2\/tags?post=1752"}],"curies":[{"name":"wp","href":"https:\/\/api.w.org\/{rel}","templated":true}]}}