{"id":1738,"date":"2020-07-10T10:00:52","date_gmt":"2020-07-10T08:00:52","guid":{"rendered":"https:\/\/darsa.pl\/www\/?p=1738"},"modified":"2020-09-01T01:22:38","modified_gmt":"2020-08-31T23:22:38","slug":"rozpoczynamy-rekrutacje-do-funduszu-przedsiebiorczosci-spolecznej","status":"publish","type":"post","link":"https:\/\/darsa.pl\/www\/2020\/07\/10\/rozpoczynamy-rekrutacje-do-funduszu-przedsiebiorczosci-spolecznej\/","title":{"rendered":"Rozpoczynamy rekrutacj\u0119 do Funduszu Przedsi\u0119biorczo\u015bci Spo\u0142ecznej!"},"content":{"rendered":"<p>Dzia\u0142dowska Agencja Rozwoju S.A. informuje, i\u017c w dniach\u00a0<b>15-29.07.2020 r.<\/b>\u00a0mo\u017cna sk\u0142ada\u0107 dokumenty rekrutacyjne w ramach rundy konkursowej nr 3\/2020.W zwi\u0105zku z realizacj\u0105 projektu pn. \u201eO\u015brodek Wsparcia Ekonomii Spo\u0142ecznej w Nidzicy\u201d.<\/p>\n<p style=\"text-align: center;\"><span><u>UWAGA!\u00a0<\/u><u>Rekrutacja skierowana jest do grup inicjatywnych oraz istniej\u0105cych przedsi\u0119biorstw spo\u0142ecznych, kt\u00f3re nie otrzyma\u0142y dotacji w ramach obecnego projektu OWES<\/u>.<\/span><\/p>\n<p style=\"text-align: center;\"><a href=\"https:\/\/darsa.pl\/www\/wp-content\/uploads\/2020\/09\/regulamin_fps.pdf\" target=\"_blank\" rel=\"noopener noreferrer\">REGULAMIN FUNDUSZU PRZEDSI\u0118BIORCZO\u015aCI SPO\u0141ECZNEJ<\/a><\/p>\n<ol>\n<li>Formularz rekrutacyjny wraz z za\u0142\u0105cznikami (szczeg\u00f3\u0142y: rozdzia\u0142 IV Regulaminu FPS) nale\u017cy sk\u0142ada\u0107 do Funduszu Przedsi\u0119biorczo\u015bci Spo\u0142ecznej prowadzonego przez Dzia\u0142dowsk\u0105 Agencj\u0119 Rozwoju S.A. w Dzia\u0142dowie, W\u0142adys\u0142awa Jagie\u0142\u0142y 15, 13 &#8211; 200 Dzia\u0142dowo od poniedzia\u0142ku do pi\u0105tku w godzinach od\u00a0<span><strong>8.00 do 14.00 \u2013 PRZEZ PUNKT PODAWCZY (PRZY G\u0141\u00d3WNYM WEJ\u015aCIU)<\/strong><\/span>\u00a0lub za po\u015brednictwem poczty polskiej\/kuriera na wy\u017cej wskazany adres.<\/li>\n<li>Na komplet dokument\u00f3w sk\u0142adaj\u0105 si\u0119 nast\u0119puj\u0105ce za\u0142\u0105czniki:\n<ol>\n<li>Formularz rekrutacyjny grupy inicjatywnej \u2013<span>\u00a0<\/span><a href=\"https:\/\/darsa.pl\/www\/wp-content\/uploads\/2020\/09\/zal_1.pdf\" target=\"_blank\" rel=\"noopener noreferrer\">Za\u0142\u0105cznik nr 1<\/a>.<\/li>\n<li>Formularz rekrutacyjny Uczestnika Projektu (kandydata do zatrudnienia) \u2013<span>\u00a0<\/span><a href=\"https:\/\/darsa.pl\/www\/wp-content\/uploads\/2020\/09\/zal_2.pdf\" target=\"_blank\" rel=\"noopener noreferrer\">Za\u0142\u0105cznik nr 2<span>\u00a0<\/span><\/a>\/wersja obowi\u0105zuj\u0105ca do 05-06-2019r.\/.<\/li>\n<li>Formularz informacji przedstawianych przy ubieganiu si\u0119 o<span>\u00a0<\/span><em>pomoc de minimis<\/em><span>\u00a0<\/span>\u2013<span>\u00a0<\/span><a href=\"https:\/\/darsa.pl\/www\/wp-content\/uploads\/2020\/09\/zalacznik_3.xlsx\">Za\u0142\u0105cznik nr 3<\/a>.<\/li>\n<li>O\u015bwiadczenia dotycz\u0105ce<span>\u00a0<\/span><em>pomocy de minimis<span>\u00a0<\/span><\/em>\u2013<span>\u00a0<\/span><a href=\"https:\/\/darsa.pl\/www\/wp-content\/uploads\/2020\/09\/zalacznik_4.pdf\" target=\"_blank\" rel=\"noopener noreferrer\">Za\u0142\u0105cznik nr 4<\/a>.<\/li>\n<li>Lista podsumowuj\u0105ca wsparcie w OWES wraz z rekomendacjami \u2013<span>\u00a0<\/span><a href=\"https:\/\/darsa.pl\/www\/wp-content\/uploads\/2020\/09\/zal_5.pdf\" target=\"_blank\" rel=\"noopener noreferrer\">Za\u0142\u0105cznik nr 5<\/a>.<\/li>\n<\/ol>\n<\/li>\n<li>O dochowaniu terminu decyduje data wp\u0142ywu dokument\u00f3w.<\/li>\n<\/ol>\n<p>Poni\u017cej zamieszczamy katalog os\u00f3b, kt\u00f3re s\u0105 uprawnione do otrzymania wsparcia finansowego w ramach realizowanego projektu:<br \/>\n&#8211; Katalog os\u00f3b uprawnionych do otrzymania dotacji &#8211;\u00a0<a href=\"https:\/\/darsa.pl\/www\/wp-content\/uploads\/2020\/09\/zal_8.pdf\" target=\"_blank\" rel=\"noopener noreferrer\" data-auth=\"NotApplicable\">Za\u0142\u0105cznik nr 8 do Regulaminu Funduszu Przedsi\u0119biorczo\u015bci Spo\u0142ecznej<\/a>.<\/p>\n","protected":false},"excerpt":{"rendered":"<p>Dzia\u0142dowska Agencja Rozwoju S.A. informuje, i\u017c w dniach\u00a015-29.07.2020 r.\u00a0mo\u017cna sk\u0142ada\u0107 dokumenty rekrutacyjne w ramach rundy konkursowej nr 3\/2020.W zwi\u0105zku z realizacj\u0105 projektu pn. \u201eO\u015brodek Wsparcia Ekonomii Spo\u0142ecznej w Nidzicy\u201d. UWAGA!\u00a0Rekrutacja skierowana jest do grup inicjatywnych oraz istniej\u0105cych przedsi\u0119biorstw spo\u0142ecznych, kt\u00f3re nie otrzyma\u0142y dotacji w ramach obecnego projektu OWES. REGULAMIN FUNDUSZU [&hellip;]<\/p>\n","protected":false},"author":1,"featured_media":0,"comment_status":"closed","ping_status":"open","sticky":false,"template":"","format":"standard","meta":{"footnotes":""},"categories":[1],"tags":[],"class_list":["post-1738","post","type-post","status-publish","format-standard","hentry","category-bez-kategorii"],"yoast_head":"<!-- This site is optimized with the Yoast SEO plugin v27.3 - https:\/\/yoast.com\/product\/yoast-seo-wordpress\/ -->\n<title>Rozpoczynamy rekrutacj\u0119 do Funduszu Przedsi\u0119biorczo\u015bci Spo\u0142ecznej! - Dzia\u0142dowska Agencja Rozwoju S.A.<\/title>\n<meta name=\"robots\" content=\"index, follow, max-snippet:-1, max-image-preview:large, max-video-preview:-1\" \/>\n<link rel=\"canonical\" href=\"https:\/\/darsa.pl\/www\/2020\/07\/10\/rozpoczynamy-rekrutacje-do-funduszu-przedsiebiorczosci-spolecznej\/\" \/>\n<meta property=\"og:locale\" content=\"pl_PL\" \/>\n<meta property=\"og:type\" content=\"article\" \/>\n<meta property=\"og:title\" content=\"Rozpoczynamy rekrutacj\u0119 do Funduszu Przedsi\u0119biorczo\u015bci Spo\u0142ecznej! - Dzia\u0142dowska Agencja Rozwoju S.A.\" \/>\n<meta property=\"og:description\" content=\"Dzia\u0142dowska Agencja Rozwoju S.A. informuje, i\u017c w dniach\u00a015-29.07.2020 r.\u00a0mo\u017cna sk\u0142ada\u0107 dokumenty rekrutacyjne w ramach rundy konkursowej nr 3\/2020.W zwi\u0105zku z realizacj\u0105 projektu pn. \u201eO\u015brodek Wsparcia Ekonomii Spo\u0142ecznej w Nidzicy\u201d. UWAGA!\u00a0Rekrutacja skierowana jest do grup inicjatywnych oraz istniej\u0105cych przedsi\u0119biorstw spo\u0142ecznych, kt\u00f3re nie otrzyma\u0142y dotacji w ramach obecnego projektu OWES. REGULAMIN FUNDUSZU [&hellip;]\" \/>\n<meta property=\"og:url\" content=\"https:\/\/darsa.pl\/www\/2020\/07\/10\/rozpoczynamy-rekrutacje-do-funduszu-przedsiebiorczosci-spolecznej\/\" \/>\n<meta property=\"og:site_name\" content=\"Dzia\u0142dowska Agencja Rozwoju S.A.\" \/>\n<meta property=\"article:published_time\" content=\"2020-07-10T08:00:52+00:00\" \/>\n<meta property=\"article:modified_time\" content=\"2020-08-31T23:22:38+00:00\" \/>\n<meta property=\"og:image\" content=\"https:\/\/darsa.pl\/www\/wp-content\/uploads\/2020\/07\/og_img3.png\" \/>\n\t<meta property=\"og:image:width\" content=\"1200\" \/>\n\t<meta property=\"og:image:height\" content=\"630\" \/>\n\t<meta property=\"og:image:type\" content=\"image\/png\" \/>\n<meta name=\"author\" content=\"adm\" \/>\n<meta name=\"twitter:card\" content=\"summary_large_image\" \/>\n<meta name=\"twitter:label1\" content=\"Napisane przez\" \/>\n\t<meta name=\"twitter:data1\" content=\"adm\" \/>\n\t<meta name=\"twitter:label2\" content=\"Szacowany czas czytania\" \/>\n\t<meta name=\"twitter:data2\" content=\"1 minuta\" \/>\n<script type=\"application\/ld+json\" class=\"yoast-schema-graph\">{\"@context\":\"https:\\\/\\\/schema.org\",\"@graph\":[{\"@type\":\"Article\",\"@id\":\"https:\\\/\\\/darsa.pl\\\/www\\\/2020\\\/07\\\/10\\\/rozpoczynamy-rekrutacje-do-funduszu-przedsiebiorczosci-spolecznej\\\/#article\",\"isPartOf\":{\"@id\":\"https:\\\/\\\/darsa.pl\\\/www\\\/2020\\\/07\\\/10\\\/rozpoczynamy-rekrutacje-do-funduszu-przedsiebiorczosci-spolecznej\\\/\"},\"author\":{\"name\":\"adm\",\"@id\":\"https:\\\/\\\/darsa.pl\\\/www\\\/#\\\/schema\\\/person\\\/4ab860c311e6f0c54365c7b76b6bf94a\"},\"headline\":\"Rozpoczynamy rekrutacj\u0119 do Funduszu Przedsi\u0119biorczo\u015bci Spo\u0142ecznej!\",\"datePublished\":\"2020-07-10T08:00:52+00:00\",\"dateModified\":\"2020-08-31T23:22:38+00:00\",\"mainEntityOfPage\":{\"@id\":\"https:\\\/\\\/darsa.pl\\\/www\\\/2020\\\/07\\\/10\\\/rozpoczynamy-rekrutacje-do-funduszu-przedsiebiorczosci-spolecznej\\\/\"},\"wordCount\":270,\"publisher\":{\"@id\":\"https:\\\/\\\/darsa.pl\\\/www\\\/#organization\"},\"articleSection\":[\"&nbsp;\"],\"inLanguage\":\"pl-PL\"},{\"@type\":\"WebPage\",\"@id\":\"https:\\\/\\\/darsa.pl\\\/www\\\/2020\\\/07\\\/10\\\/rozpoczynamy-rekrutacje-do-funduszu-przedsiebiorczosci-spolecznej\\\/\",\"url\":\"https:\\\/\\\/darsa.pl\\\/www\\\/2020\\\/07\\\/10\\\/rozpoczynamy-rekrutacje-do-funduszu-przedsiebiorczosci-spolecznej\\\/\",\"name\":\"Rozpoczynamy rekrutacj\u0119 do Funduszu Przedsi\u0119biorczo\u015bci Spo\u0142ecznej! - Dzia\u0142dowska Agencja Rozwoju S.A.\",\"isPartOf\":{\"@id\":\"https:\\\/\\\/darsa.pl\\\/www\\\/#website\"},\"datePublished\":\"2020-07-10T08:00:52+00:00\",\"dateModified\":\"2020-08-31T23:22:38+00:00\",\"breadcrumb\":{\"@id\":\"https:\\\/\\\/darsa.pl\\\/www\\\/2020\\\/07\\\/10\\\/rozpoczynamy-rekrutacje-do-funduszu-przedsiebiorczosci-spolecznej\\\/#breadcrumb\"},\"inLanguage\":\"pl-PL\",\"potentialAction\":[{\"@type\":\"ReadAction\",\"target\":[\"https:\\\/\\\/darsa.pl\\\/www\\\/2020\\\/07\\\/10\\\/rozpoczynamy-rekrutacje-do-funduszu-przedsiebiorczosci-spolecznej\\\/\"]}]},{\"@type\":\"BreadcrumbList\",\"@id\":\"https:\\\/\\\/darsa.pl\\\/www\\\/2020\\\/07\\\/10\\\/rozpoczynamy-rekrutacje-do-funduszu-przedsiebiorczosci-spolecznej\\\/#breadcrumb\",\"itemListElement\":[{\"@type\":\"ListItem\",\"position\":1,\"name\":\"Strona g\u0142\u00f3wna\",\"item\":\"https:\\\/\\\/darsa.pl\\\/www\\\/\"},{\"@type\":\"ListItem\",\"position\":2,\"name\":\"Rozpoczynamy rekrutacj\u0119 do Funduszu Przedsi\u0119biorczo\u015bci Spo\u0142ecznej!\"}]},{\"@type\":\"WebSite\",\"@id\":\"https:\\\/\\\/darsa.pl\\\/www\\\/#website\",\"url\":\"https:\\\/\\\/darsa.pl\\\/www\\\/\",\"name\":\"Dzia\u0142dowska Agencja Rozwoju S.A.\",\"description\":\"Wspieranie ma\u0142ych i \u015brednich przedsi\u0119biorstw, edukacja i szkolenia.\",\"publisher\":{\"@id\":\"https:\\\/\\\/darsa.pl\\\/www\\\/#organization\"},\"potentialAction\":[{\"@type\":\"SearchAction\",\"target\":{\"@type\":\"EntryPoint\",\"urlTemplate\":\"https:\\\/\\\/darsa.pl\\\/www\\\/?s={search_term_string}\"},\"query-input\":{\"@type\":\"PropertyValueSpecification\",\"valueRequired\":true,\"valueName\":\"search_term_string\"}}],\"inLanguage\":\"pl-PL\"},{\"@type\":\"Organization\",\"@id\":\"https:\\\/\\\/darsa.pl\\\/www\\\/#organization\",\"name\":\"Dzia\u0142dowska Agencja Rozwoju S.A.\",\"url\":\"https:\\\/\\\/darsa.pl\\\/www\\\/\",\"logo\":{\"@type\":\"ImageObject\",\"inLanguage\":\"pl-PL\",\"@id\":\"https:\\\/\\\/darsa.pl\\\/www\\\/#\\\/schema\\\/logo\\\/image\\\/\",\"url\":\"https:\\\/\\\/darsa.pl\\\/www\\\/wp-content\\\/uploads\\\/2020\\\/06\\\/logo_h200px.png\",\"contentUrl\":\"https:\\\/\\\/darsa.pl\\\/www\\\/wp-content\\\/uploads\\\/2020\\\/06\\\/logo_h200px.png\",\"width\":856,\"height\":200,\"caption\":\"Dzia\u0142dowska Agencja Rozwoju S.A.\"},\"image\":{\"@id\":\"https:\\\/\\\/darsa.pl\\\/www\\\/#\\\/schema\\\/logo\\\/image\\\/\"}},{\"@type\":\"Person\",\"@id\":\"https:\\\/\\\/darsa.pl\\\/www\\\/#\\\/schema\\\/person\\\/4ab860c311e6f0c54365c7b76b6bf94a\",\"name\":\"adm\",\"image\":{\"@type\":\"ImageObject\",\"inLanguage\":\"pl-PL\",\"@id\":\"https:\\\/\\\/secure.gravatar.com\\\/avatar\\\/ee5ba569e71d2f8e78d549083e35e8659abc37adf85c4b481b548a7371c1c199?s=96&d=mm&r=g\",\"url\":\"https:\\\/\\\/secure.gravatar.com\\\/avatar\\\/ee5ba569e71d2f8e78d549083e35e8659abc37adf85c4b481b548a7371c1c199?s=96&d=mm&r=g\",\"contentUrl\":\"https:\\\/\\\/secure.gravatar.com\\\/avatar\\\/ee5ba569e71d2f8e78d549083e35e8659abc37adf85c4b481b548a7371c1c199?s=96&d=mm&r=g\",\"caption\":\"adm\"},\"sameAs\":[\"https:\\\/\\\/darsa.pl\\\/www\"],\"url\":\"https:\\\/\\\/darsa.pl\\\/www\\\/author\\\/adm\\\/\"}]}<\/script>\n<!-- \/ Yoast SEO plugin. -->","yoast_head_json":{"title":"Rozpoczynamy rekrutacj\u0119 do Funduszu Przedsi\u0119biorczo\u015bci Spo\u0142ecznej! - Dzia\u0142dowska Agencja Rozwoju S.A.","robots":{"index":"index","follow":"follow","max-snippet":"max-snippet:-1","max-image-preview":"max-image-preview:large","max-video-preview":"max-video-preview:-1"},"canonical":"https:\/\/darsa.pl\/www\/2020\/07\/10\/rozpoczynamy-rekrutacje-do-funduszu-przedsiebiorczosci-spolecznej\/","og_locale":"pl_PL","og_type":"article","og_title":"Rozpoczynamy rekrutacj\u0119 do Funduszu Przedsi\u0119biorczo\u015bci Spo\u0142ecznej! - Dzia\u0142dowska Agencja Rozwoju S.A.","og_description":"Dzia\u0142dowska Agencja Rozwoju S.A. informuje, i\u017c w dniach\u00a015-29.07.2020 r.\u00a0mo\u017cna sk\u0142ada\u0107 dokumenty rekrutacyjne w ramach rundy konkursowej nr 3\/2020.W zwi\u0105zku z realizacj\u0105 projektu pn. \u201eO\u015brodek Wsparcia Ekonomii Spo\u0142ecznej w Nidzicy\u201d. UWAGA!\u00a0Rekrutacja skierowana jest do grup inicjatywnych oraz istniej\u0105cych przedsi\u0119biorstw spo\u0142ecznych, kt\u00f3re nie otrzyma\u0142y dotacji w ramach obecnego projektu OWES. REGULAMIN FUNDUSZU [&hellip;]","og_url":"https:\/\/darsa.pl\/www\/2020\/07\/10\/rozpoczynamy-rekrutacje-do-funduszu-przedsiebiorczosci-spolecznej\/","og_site_name":"Dzia\u0142dowska Agencja Rozwoju S.A.","article_published_time":"2020-07-10T08:00:52+00:00","article_modified_time":"2020-08-31T23:22:38+00:00","og_image":[{"width":1200,"height":630,"url":"https:\/\/darsa.pl\/www\/wp-content\/uploads\/2020\/07\/og_img3.png","type":"image\/png"}],"author":"adm","twitter_card":"summary_large_image","twitter_misc":{"Napisane przez":"adm","Szacowany czas czytania":"1 minuta"},"schema":{"@context":"https:\/\/schema.org","@graph":[{"@type":"Article","@id":"https:\/\/darsa.pl\/www\/2020\/07\/10\/rozpoczynamy-rekrutacje-do-funduszu-przedsiebiorczosci-spolecznej\/#article","isPartOf":{"@id":"https:\/\/darsa.pl\/www\/2020\/07\/10\/rozpoczynamy-rekrutacje-do-funduszu-przedsiebiorczosci-spolecznej\/"},"author":{"name":"adm","@id":"https:\/\/darsa.pl\/www\/#\/schema\/person\/4ab860c311e6f0c54365c7b76b6bf94a"},"headline":"Rozpoczynamy rekrutacj\u0119 do Funduszu Przedsi\u0119biorczo\u015bci Spo\u0142ecznej!","datePublished":"2020-07-10T08:00:52+00:00","dateModified":"2020-08-31T23:22:38+00:00","mainEntityOfPage":{"@id":"https:\/\/darsa.pl\/www\/2020\/07\/10\/rozpoczynamy-rekrutacje-do-funduszu-przedsiebiorczosci-spolecznej\/"},"wordCount":270,"publisher":{"@id":"https:\/\/darsa.pl\/www\/#organization"},"articleSection":["&nbsp;"],"inLanguage":"pl-PL"},{"@type":"WebPage","@id":"https:\/\/darsa.pl\/www\/2020\/07\/10\/rozpoczynamy-rekrutacje-do-funduszu-przedsiebiorczosci-spolecznej\/","url":"https:\/\/darsa.pl\/www\/2020\/07\/10\/rozpoczynamy-rekrutacje-do-funduszu-przedsiebiorczosci-spolecznej\/","name":"Rozpoczynamy rekrutacj\u0119 do Funduszu Przedsi\u0119biorczo\u015bci Spo\u0142ecznej! - Dzia\u0142dowska Agencja Rozwoju S.A.","isPartOf":{"@id":"https:\/\/darsa.pl\/www\/#website"},"datePublished":"2020-07-10T08:00:52+00:00","dateModified":"2020-08-31T23:22:38+00:00","breadcrumb":{"@id":"https:\/\/darsa.pl\/www\/2020\/07\/10\/rozpoczynamy-rekrutacje-do-funduszu-przedsiebiorczosci-spolecznej\/#breadcrumb"},"inLanguage":"pl-PL","potentialAction":[{"@type":"ReadAction","target":["https:\/\/darsa.pl\/www\/2020\/07\/10\/rozpoczynamy-rekrutacje-do-funduszu-przedsiebiorczosci-spolecznej\/"]}]},{"@type":"BreadcrumbList","@id":"https:\/\/darsa.pl\/www\/2020\/07\/10\/rozpoczynamy-rekrutacje-do-funduszu-przedsiebiorczosci-spolecznej\/#breadcrumb","itemListElement":[{"@type":"ListItem","position":1,"name":"Strona g\u0142\u00f3wna","item":"https:\/\/darsa.pl\/www\/"},{"@type":"ListItem","position":2,"name":"Rozpoczynamy rekrutacj\u0119 do Funduszu Przedsi\u0119biorczo\u015bci Spo\u0142ecznej!"}]},{"@type":"WebSite","@id":"https:\/\/darsa.pl\/www\/#website","url":"https:\/\/darsa.pl\/www\/","name":"Dzia\u0142dowska Agencja Rozwoju S.A.","description":"Wspieranie ma\u0142ych i \u015brednich przedsi\u0119biorstw, edukacja i szkolenia.","publisher":{"@id":"https:\/\/darsa.pl\/www\/#organization"},"potentialAction":[{"@type":"SearchAction","target":{"@type":"EntryPoint","urlTemplate":"https:\/\/darsa.pl\/www\/?s={search_term_string}"},"query-input":{"@type":"PropertyValueSpecification","valueRequired":true,"valueName":"search_term_string"}}],"inLanguage":"pl-PL"},{"@type":"Organization","@id":"https:\/\/darsa.pl\/www\/#organization","name":"Dzia\u0142dowska Agencja Rozwoju S.A.","url":"https:\/\/darsa.pl\/www\/","logo":{"@type":"ImageObject","inLanguage":"pl-PL","@id":"https:\/\/darsa.pl\/www\/#\/schema\/logo\/image\/","url":"https:\/\/darsa.pl\/www\/wp-content\/uploads\/2020\/06\/logo_h200px.png","contentUrl":"https:\/\/darsa.pl\/www\/wp-content\/uploads\/2020\/06\/logo_h200px.png","width":856,"height":200,"caption":"Dzia\u0142dowska Agencja Rozwoju S.A."},"image":{"@id":"https:\/\/darsa.pl\/www\/#\/schema\/logo\/image\/"}},{"@type":"Person","@id":"https:\/\/darsa.pl\/www\/#\/schema\/person\/4ab860c311e6f0c54365c7b76b6bf94a","name":"adm","image":{"@type":"ImageObject","inLanguage":"pl-PL","@id":"https:\/\/secure.gravatar.com\/avatar\/ee5ba569e71d2f8e78d549083e35e8659abc37adf85c4b481b548a7371c1c199?s=96&d=mm&r=g","url":"https:\/\/secure.gravatar.com\/avatar\/ee5ba569e71d2f8e78d549083e35e8659abc37adf85c4b481b548a7371c1c199?s=96&d=mm&r=g","contentUrl":"https:\/\/secure.gravatar.com\/avatar\/ee5ba569e71d2f8e78d549083e35e8659abc37adf85c4b481b548a7371c1c199?s=96&d=mm&r=g","caption":"adm"},"sameAs":["https:\/\/darsa.pl\/www"],"url":"https:\/\/darsa.pl\/www\/author\/adm\/"}]}},"_links":{"self":[{"href":"https:\/\/darsa.pl\/www\/wp-json\/wp\/v2\/posts\/1738","targetHints":{"allow":["GET"]}}],"collection":[{"href":"https:\/\/darsa.pl\/www\/wp-json\/wp\/v2\/posts"}],"about":[{"href":"https:\/\/darsa.pl\/www\/wp-json\/wp\/v2\/types\/post"}],"author":[{"embeddable":true,"href":"https:\/\/darsa.pl\/www\/wp-json\/wp\/v2\/users\/1"}],"replies":[{"embeddable":true,"href":"https:\/\/darsa.pl\/www\/wp-json\/wp\/v2\/comments?post=1738"}],"version-history":[{"count":1,"href":"https:\/\/darsa.pl\/www\/wp-json\/wp\/v2\/posts\/1738\/revisions"}],"predecessor-version":[{"id":1747,"href":"https:\/\/darsa.pl\/www\/wp-json\/wp\/v2\/posts\/1738\/revisions\/1747"}],"wp:attachment":[{"href":"https:\/\/darsa.pl\/www\/wp-json\/wp\/v2\/media?parent=1738"}],"wp:term":[{"taxonomy":"category","embeddable":true,"href":"https:\/\/darsa.pl\/www\/wp-json\/wp\/v2\/categories?post=1738"},{"taxonomy":"post_tag","embeddable":true,"href":"https:\/\/darsa.pl\/www\/wp-json\/wp\/v2\/tags?post=1738"}],"curies":[{"name":"wp","href":"https:\/\/api.w.org\/{rel}","templated":true}]}}