{"id":1,"date":"2020-04-03T12:00:35","date_gmt":"2020-04-03T10:00:35","guid":{"rendered":"https:\/\/darsa.pl\/www\/?p=1"},"modified":"2020-07-06T21:02:55","modified_gmt":"2020-07-06T19:02:55","slug":"wytyczne-w-sprawie-przyszlych-dzialan","status":"publish","type":"post","link":"https:\/\/darsa.pl\/www\/2020\/04\/03\/wytyczne-w-sprawie-przyszlych-dzialan\/","title":{"rendered":"Wytyczne w sprawie przysz\u0142ych dzia\u0142a\u0144 maj\u0105cych na celu ograniczenie potencjalnych negatywnych skutk\u00f3w gospodarczych epidemii Koronawirusa"},"content":{"rendered":"<p>W zwi\u0105zku z zaistnia\u0142\u0105 sytuacj\u0105 epidemiologiczn\u0105 w kraju (epidemia COVID-19, tzw. \u201eKoronawirusa\u201d), kt\u00f3ra spowodowa\u0142a wyj\u0105tkowe okoliczno\u015bci wymagaj\u0105ce pilnego wprowadzenia szczeg\u00f3lnych \u015brodk\u00f3w i rozwi\u0105za\u0144 na rzecz zabezpieczenia p\u0142ynno\u015bci w przedsi\u0119biorstwach (w szczeg\u00f3lno\u015bci M\u015aP) oraz utrzymania miejsc pracy, Dzia\u0142dowska Agencja Rozwoju S.A. jako instytucja po\u015brednicz\u0105ca w udzielaniu po\u017cyczek ze \u015brodk\u00f3w pochodz\u0105cych z projekt\u00f3w unijnych pozyskiwanych w ramach konkurs\u00f3w zwr\u00f3ci\u0142a si\u0119 z wnioskiem do instytucji maj\u0105cych wp\u0142yw na polityk\u0119 spo\u0142eczno-gospodarcz\u0105 w Polsce (m.in. Ministerstwa Funduszy i Polityki Regionalnej, Wojew\u00f3dztwa Warmi\u0144sko-Mazurskiego, Banku Gospodarstwa Krajowego czy Polskiej Agencji Rozwoju Przedsi\u0119biorczo\u015bci) o przekazanie wytycznych w sprawie przysz\u0142ych dzia\u0142a\u0144 maj\u0105cych na celu ograniczenie potencjalnych negatywnych skutk\u00f3w gospodarczych epidemii Koronawirusa i aktualnie czeka na oficjalne wytyczne. Do tego czasu Dzia\u0142dowska Agencja Rozwoju S.A. nie mo\u017ce podj\u0105\u0107 samodzielnie decyzji w przedmiotowej sprawie.<\/p>\n<p>Ponadto informujemy, i\u017c po uzyskaniu oficjalnej informacji od ww. instytucji Dzia\u0142dowska Agencja Rozwoju S.A. zamie\u015bci na swojej stronie internetowej komunikat o dalszym sposobie dzia\u0142ania.<\/p>\n","protected":false},"excerpt":{"rendered":"<p>W zwi\u0105zku z zaistnia\u0142\u0105 sytuacj\u0105 epidemiologiczn\u0105 w kraju (epidemia COVID-19, tzw. \u201eKoronawirusa\u201d), kt\u00f3ra spowodowa\u0142a wyj\u0105tkowe okoliczno\u015bci wymagaj\u0105ce pilnego wprowadzenia szczeg\u00f3lnych \u015brodk\u00f3w i rozwi\u0105za\u0144 na rzecz zabezpieczenia p\u0142ynno\u015bci w przedsi\u0119biorstwach (w szczeg\u00f3lno\u015bci M\u015aP) oraz utrzymania miejsc pracy, Dzia\u0142dowska Agencja Rozwoju S.A. jako instytucja po\u015brednicz\u0105ca w udzielaniu po\u017cyczek ze \u015brodk\u00f3w pochodz\u0105cych z [&hellip;]<\/p>\n","protected":false},"author":1,"featured_media":0,"comment_status":"closed","ping_status":"closed","sticky":false,"template":"","format":"standard","meta":{"footnotes":""},"categories":[1],"tags":[],"class_list":["post-1","post","type-post","status-publish","format-standard","hentry","category-bez-kategorii"],"yoast_head":"<!-- This site is optimized with the Yoast SEO plugin v27.3 - https:\/\/yoast.com\/product\/yoast-seo-wordpress\/ -->\n<title>Wytyczne w sprawie przysz\u0142ych dzia\u0142a\u0144 maj\u0105cych na celu ograniczenie potencjalnych negatywnych skutk\u00f3w gospodarczych epidemii Koronawirusa - Dzia\u0142dowska Agencja Rozwoju S.A.<\/title>\n<meta name=\"robots\" content=\"index, follow, max-snippet:-1, max-image-preview:large, max-video-preview:-1\" \/>\n<link rel=\"canonical\" href=\"https:\/\/darsa.pl\/www\/2020\/04\/03\/wytyczne-w-sprawie-przyszlych-dzialan\/\" \/>\n<meta property=\"og:locale\" content=\"pl_PL\" \/>\n<meta property=\"og:type\" content=\"article\" \/>\n<meta property=\"og:title\" content=\"Wytyczne w sprawie przysz\u0142ych dzia\u0142a\u0144 maj\u0105cych na celu ograniczenie potencjalnych negatywnych skutk\u00f3w gospodarczych epidemii Koronawirusa - Dzia\u0142dowska Agencja Rozwoju S.A.\" \/>\n<meta property=\"og:description\" content=\"W zwi\u0105zku z zaistnia\u0142\u0105 sytuacj\u0105 epidemiologiczn\u0105 w kraju (epidemia COVID-19, tzw. \u201eKoronawirusa\u201d), kt\u00f3ra spowodowa\u0142a wyj\u0105tkowe okoliczno\u015bci wymagaj\u0105ce pilnego wprowadzenia szczeg\u00f3lnych \u015brodk\u00f3w i rozwi\u0105za\u0144 na rzecz zabezpieczenia p\u0142ynno\u015bci w przedsi\u0119biorstwach (w szczeg\u00f3lno\u015bci M\u015aP) oraz utrzymania miejsc pracy, Dzia\u0142dowska Agencja Rozwoju S.A. jako instytucja po\u015brednicz\u0105ca w udzielaniu po\u017cyczek ze \u015brodk\u00f3w pochodz\u0105cych z [&hellip;]\" \/>\n<meta property=\"og:url\" content=\"https:\/\/darsa.pl\/www\/2020\/04\/03\/wytyczne-w-sprawie-przyszlych-dzialan\/\" \/>\n<meta property=\"og:site_name\" content=\"Dzia\u0142dowska Agencja Rozwoju S.A.\" \/>\n<meta property=\"article:published_time\" content=\"2020-04-03T10:00:35+00:00\" \/>\n<meta property=\"article:modified_time\" content=\"2020-07-06T19:02:55+00:00\" \/>\n<meta property=\"og:image\" content=\"https:\/\/darsa.pl\/www\/wp-content\/uploads\/2020\/07\/og_img3.png\" \/>\n\t<meta property=\"og:image:width\" content=\"1200\" \/>\n\t<meta property=\"og:image:height\" content=\"630\" \/>\n\t<meta property=\"og:image:type\" content=\"image\/png\" \/>\n<meta name=\"author\" content=\"adm\" \/>\n<meta name=\"twitter:card\" content=\"summary_large_image\" \/>\n<meta name=\"twitter:label1\" content=\"Napisane przez\" \/>\n\t<meta name=\"twitter:data1\" content=\"adm\" \/>\n\t<meta name=\"twitter:label2\" content=\"Szacowany czas czytania\" \/>\n\t<meta name=\"twitter:data2\" content=\"1 minuta\" \/>\n<script type=\"application\/ld+json\" class=\"yoast-schema-graph\">{\"@context\":\"https:\\\/\\\/schema.org\",\"@graph\":[{\"@type\":\"Article\",\"@id\":\"https:\\\/\\\/darsa.pl\\\/www\\\/2020\\\/04\\\/03\\\/wytyczne-w-sprawie-przyszlych-dzialan\\\/#article\",\"isPartOf\":{\"@id\":\"https:\\\/\\\/darsa.pl\\\/www\\\/2020\\\/04\\\/03\\\/wytyczne-w-sprawie-przyszlych-dzialan\\\/\"},\"author\":{\"name\":\"adm\",\"@id\":\"https:\\\/\\\/darsa.pl\\\/www\\\/#\\\/schema\\\/person\\\/4ab860c311e6f0c54365c7b76b6bf94a\"},\"headline\":\"Wytyczne w sprawie przysz\u0142ych dzia\u0142a\u0144 maj\u0105cych na celu ograniczenie potencjalnych negatywnych skutk\u00f3w gospodarczych epidemii Koronawirusa\",\"datePublished\":\"2020-04-03T10:00:35+00:00\",\"dateModified\":\"2020-07-06T19:02:55+00:00\",\"mainEntityOfPage\":{\"@id\":\"https:\\\/\\\/darsa.pl\\\/www\\\/2020\\\/04\\\/03\\\/wytyczne-w-sprawie-przyszlych-dzialan\\\/\"},\"wordCount\":211,\"publisher\":{\"@id\":\"https:\\\/\\\/darsa.pl\\\/www\\\/#organization\"},\"articleSection\":[\"&nbsp;\"],\"inLanguage\":\"pl-PL\"},{\"@type\":\"WebPage\",\"@id\":\"https:\\\/\\\/darsa.pl\\\/www\\\/2020\\\/04\\\/03\\\/wytyczne-w-sprawie-przyszlych-dzialan\\\/\",\"url\":\"https:\\\/\\\/darsa.pl\\\/www\\\/2020\\\/04\\\/03\\\/wytyczne-w-sprawie-przyszlych-dzialan\\\/\",\"name\":\"Wytyczne w sprawie przysz\u0142ych dzia\u0142a\u0144 maj\u0105cych na celu ograniczenie potencjalnych negatywnych skutk\u00f3w gospodarczych epidemii Koronawirusa - Dzia\u0142dowska Agencja Rozwoju S.A.\",\"isPartOf\":{\"@id\":\"https:\\\/\\\/darsa.pl\\\/www\\\/#website\"},\"datePublished\":\"2020-04-03T10:00:35+00:00\",\"dateModified\":\"2020-07-06T19:02:55+00:00\",\"breadcrumb\":{\"@id\":\"https:\\\/\\\/darsa.pl\\\/www\\\/2020\\\/04\\\/03\\\/wytyczne-w-sprawie-przyszlych-dzialan\\\/#breadcrumb\"},\"inLanguage\":\"pl-PL\",\"potentialAction\":[{\"@type\":\"ReadAction\",\"target\":[\"https:\\\/\\\/darsa.pl\\\/www\\\/2020\\\/04\\\/03\\\/wytyczne-w-sprawie-przyszlych-dzialan\\\/\"]}]},{\"@type\":\"BreadcrumbList\",\"@id\":\"https:\\\/\\\/darsa.pl\\\/www\\\/2020\\\/04\\\/03\\\/wytyczne-w-sprawie-przyszlych-dzialan\\\/#breadcrumb\",\"itemListElement\":[{\"@type\":\"ListItem\",\"position\":1,\"name\":\"Strona g\u0142\u00f3wna\",\"item\":\"https:\\\/\\\/darsa.pl\\\/www\\\/\"},{\"@type\":\"ListItem\",\"position\":2,\"name\":\"Wytyczne w sprawie przysz\u0142ych dzia\u0142a\u0144 maj\u0105cych na celu ograniczenie potencjalnych negatywnych skutk\u00f3w gospodarczych epidemii Koronawirusa\"}]},{\"@type\":\"WebSite\",\"@id\":\"https:\\\/\\\/darsa.pl\\\/www\\\/#website\",\"url\":\"https:\\\/\\\/darsa.pl\\\/www\\\/\",\"name\":\"Dzia\u0142dowska Agencja Rozwoju S.A.\",\"description\":\"Wspieranie ma\u0142ych i \u015brednich przedsi\u0119biorstw, edukacja i szkolenia.\",\"publisher\":{\"@id\":\"https:\\\/\\\/darsa.pl\\\/www\\\/#organization\"},\"potentialAction\":[{\"@type\":\"SearchAction\",\"target\":{\"@type\":\"EntryPoint\",\"urlTemplate\":\"https:\\\/\\\/darsa.pl\\\/www\\\/?s={search_term_string}\"},\"query-input\":{\"@type\":\"PropertyValueSpecification\",\"valueRequired\":true,\"valueName\":\"search_term_string\"}}],\"inLanguage\":\"pl-PL\"},{\"@type\":\"Organization\",\"@id\":\"https:\\\/\\\/darsa.pl\\\/www\\\/#organization\",\"name\":\"Dzia\u0142dowska Agencja Rozwoju S.A.\",\"url\":\"https:\\\/\\\/darsa.pl\\\/www\\\/\",\"logo\":{\"@type\":\"ImageObject\",\"inLanguage\":\"pl-PL\",\"@id\":\"https:\\\/\\\/darsa.pl\\\/www\\\/#\\\/schema\\\/logo\\\/image\\\/\",\"url\":\"https:\\\/\\\/darsa.pl\\\/www\\\/wp-content\\\/uploads\\\/2020\\\/06\\\/logo_h200px.png\",\"contentUrl\":\"https:\\\/\\\/darsa.pl\\\/www\\\/wp-content\\\/uploads\\\/2020\\\/06\\\/logo_h200px.png\",\"width\":856,\"height\":200,\"caption\":\"Dzia\u0142dowska Agencja Rozwoju S.A.\"},\"image\":{\"@id\":\"https:\\\/\\\/darsa.pl\\\/www\\\/#\\\/schema\\\/logo\\\/image\\\/\"}},{\"@type\":\"Person\",\"@id\":\"https:\\\/\\\/darsa.pl\\\/www\\\/#\\\/schema\\\/person\\\/4ab860c311e6f0c54365c7b76b6bf94a\",\"name\":\"adm\",\"image\":{\"@type\":\"ImageObject\",\"inLanguage\":\"pl-PL\",\"@id\":\"https:\\\/\\\/secure.gravatar.com\\\/avatar\\\/ee5ba569e71d2f8e78d549083e35e8659abc37adf85c4b481b548a7371c1c199?s=96&d=mm&r=g\",\"url\":\"https:\\\/\\\/secure.gravatar.com\\\/avatar\\\/ee5ba569e71d2f8e78d549083e35e8659abc37adf85c4b481b548a7371c1c199?s=96&d=mm&r=g\",\"contentUrl\":\"https:\\\/\\\/secure.gravatar.com\\\/avatar\\\/ee5ba569e71d2f8e78d549083e35e8659abc37adf85c4b481b548a7371c1c199?s=96&d=mm&r=g\",\"caption\":\"adm\"},\"sameAs\":[\"https:\\\/\\\/darsa.pl\\\/www\"],\"url\":\"https:\\\/\\\/darsa.pl\\\/www\\\/author\\\/adm\\\/\"}]}<\/script>\n<!-- \/ Yoast SEO plugin. -->","yoast_head_json":{"title":"Wytyczne w sprawie przysz\u0142ych dzia\u0142a\u0144 maj\u0105cych na celu ograniczenie potencjalnych negatywnych skutk\u00f3w gospodarczych epidemii Koronawirusa - Dzia\u0142dowska Agencja Rozwoju S.A.","robots":{"index":"index","follow":"follow","max-snippet":"max-snippet:-1","max-image-preview":"max-image-preview:large","max-video-preview":"max-video-preview:-1"},"canonical":"https:\/\/darsa.pl\/www\/2020\/04\/03\/wytyczne-w-sprawie-przyszlych-dzialan\/","og_locale":"pl_PL","og_type":"article","og_title":"Wytyczne w sprawie przysz\u0142ych dzia\u0142a\u0144 maj\u0105cych na celu ograniczenie potencjalnych negatywnych skutk\u00f3w gospodarczych epidemii Koronawirusa - Dzia\u0142dowska Agencja Rozwoju S.A.","og_description":"W zwi\u0105zku z zaistnia\u0142\u0105 sytuacj\u0105 epidemiologiczn\u0105 w kraju (epidemia COVID-19, tzw. \u201eKoronawirusa\u201d), kt\u00f3ra spowodowa\u0142a wyj\u0105tkowe okoliczno\u015bci wymagaj\u0105ce pilnego wprowadzenia szczeg\u00f3lnych \u015brodk\u00f3w i rozwi\u0105za\u0144 na rzecz zabezpieczenia p\u0142ynno\u015bci w przedsi\u0119biorstwach (w szczeg\u00f3lno\u015bci M\u015aP) oraz utrzymania miejsc pracy, Dzia\u0142dowska Agencja Rozwoju S.A. jako instytucja po\u015brednicz\u0105ca w udzielaniu po\u017cyczek ze \u015brodk\u00f3w pochodz\u0105cych z [&hellip;]","og_url":"https:\/\/darsa.pl\/www\/2020\/04\/03\/wytyczne-w-sprawie-przyszlych-dzialan\/","og_site_name":"Dzia\u0142dowska Agencja Rozwoju S.A.","article_published_time":"2020-04-03T10:00:35+00:00","article_modified_time":"2020-07-06T19:02:55+00:00","og_image":[{"width":1200,"height":630,"url":"https:\/\/darsa.pl\/www\/wp-content\/uploads\/2020\/07\/og_img3.png","type":"image\/png"}],"author":"adm","twitter_card":"summary_large_image","twitter_misc":{"Napisane przez":"adm","Szacowany czas czytania":"1 minuta"},"schema":{"@context":"https:\/\/schema.org","@graph":[{"@type":"Article","@id":"https:\/\/darsa.pl\/www\/2020\/04\/03\/wytyczne-w-sprawie-przyszlych-dzialan\/#article","isPartOf":{"@id":"https:\/\/darsa.pl\/www\/2020\/04\/03\/wytyczne-w-sprawie-przyszlych-dzialan\/"},"author":{"name":"adm","@id":"https:\/\/darsa.pl\/www\/#\/schema\/person\/4ab860c311e6f0c54365c7b76b6bf94a"},"headline":"Wytyczne w sprawie przysz\u0142ych dzia\u0142a\u0144 maj\u0105cych na celu ograniczenie potencjalnych negatywnych skutk\u00f3w gospodarczych epidemii Koronawirusa","datePublished":"2020-04-03T10:00:35+00:00","dateModified":"2020-07-06T19:02:55+00:00","mainEntityOfPage":{"@id":"https:\/\/darsa.pl\/www\/2020\/04\/03\/wytyczne-w-sprawie-przyszlych-dzialan\/"},"wordCount":211,"publisher":{"@id":"https:\/\/darsa.pl\/www\/#organization"},"articleSection":["&nbsp;"],"inLanguage":"pl-PL"},{"@type":"WebPage","@id":"https:\/\/darsa.pl\/www\/2020\/04\/03\/wytyczne-w-sprawie-przyszlych-dzialan\/","url":"https:\/\/darsa.pl\/www\/2020\/04\/03\/wytyczne-w-sprawie-przyszlych-dzialan\/","name":"Wytyczne w sprawie przysz\u0142ych dzia\u0142a\u0144 maj\u0105cych na celu ograniczenie potencjalnych negatywnych skutk\u00f3w gospodarczych epidemii Koronawirusa - Dzia\u0142dowska Agencja Rozwoju S.A.","isPartOf":{"@id":"https:\/\/darsa.pl\/www\/#website"},"datePublished":"2020-04-03T10:00:35+00:00","dateModified":"2020-07-06T19:02:55+00:00","breadcrumb":{"@id":"https:\/\/darsa.pl\/www\/2020\/04\/03\/wytyczne-w-sprawie-przyszlych-dzialan\/#breadcrumb"},"inLanguage":"pl-PL","potentialAction":[{"@type":"ReadAction","target":["https:\/\/darsa.pl\/www\/2020\/04\/03\/wytyczne-w-sprawie-przyszlych-dzialan\/"]}]},{"@type":"BreadcrumbList","@id":"https:\/\/darsa.pl\/www\/2020\/04\/03\/wytyczne-w-sprawie-przyszlych-dzialan\/#breadcrumb","itemListElement":[{"@type":"ListItem","position":1,"name":"Strona g\u0142\u00f3wna","item":"https:\/\/darsa.pl\/www\/"},{"@type":"ListItem","position":2,"name":"Wytyczne w sprawie przysz\u0142ych dzia\u0142a\u0144 maj\u0105cych na celu ograniczenie potencjalnych negatywnych skutk\u00f3w gospodarczych epidemii Koronawirusa"}]},{"@type":"WebSite","@id":"https:\/\/darsa.pl\/www\/#website","url":"https:\/\/darsa.pl\/www\/","name":"Dzia\u0142dowska Agencja Rozwoju S.A.","description":"Wspieranie ma\u0142ych i \u015brednich przedsi\u0119biorstw, edukacja i szkolenia.","publisher":{"@id":"https:\/\/darsa.pl\/www\/#organization"},"potentialAction":[{"@type":"SearchAction","target":{"@type":"EntryPoint","urlTemplate":"https:\/\/darsa.pl\/www\/?s={search_term_string}"},"query-input":{"@type":"PropertyValueSpecification","valueRequired":true,"valueName":"search_term_string"}}],"inLanguage":"pl-PL"},{"@type":"Organization","@id":"https:\/\/darsa.pl\/www\/#organization","name":"Dzia\u0142dowska Agencja Rozwoju S.A.","url":"https:\/\/darsa.pl\/www\/","logo":{"@type":"ImageObject","inLanguage":"pl-PL","@id":"https:\/\/darsa.pl\/www\/#\/schema\/logo\/image\/","url":"https:\/\/darsa.pl\/www\/wp-content\/uploads\/2020\/06\/logo_h200px.png","contentUrl":"https:\/\/darsa.pl\/www\/wp-content\/uploads\/2020\/06\/logo_h200px.png","width":856,"height":200,"caption":"Dzia\u0142dowska Agencja Rozwoju S.A."},"image":{"@id":"https:\/\/darsa.pl\/www\/#\/schema\/logo\/image\/"}},{"@type":"Person","@id":"https:\/\/darsa.pl\/www\/#\/schema\/person\/4ab860c311e6f0c54365c7b76b6bf94a","name":"adm","image":{"@type":"ImageObject","inLanguage":"pl-PL","@id":"https:\/\/secure.gravatar.com\/avatar\/ee5ba569e71d2f8e78d549083e35e8659abc37adf85c4b481b548a7371c1c199?s=96&d=mm&r=g","url":"https:\/\/secure.gravatar.com\/avatar\/ee5ba569e71d2f8e78d549083e35e8659abc37adf85c4b481b548a7371c1c199?s=96&d=mm&r=g","contentUrl":"https:\/\/secure.gravatar.com\/avatar\/ee5ba569e71d2f8e78d549083e35e8659abc37adf85c4b481b548a7371c1c199?s=96&d=mm&r=g","caption":"adm"},"sameAs":["https:\/\/darsa.pl\/www"],"url":"https:\/\/darsa.pl\/www\/author\/adm\/"}]}},"_links":{"self":[{"href":"https:\/\/darsa.pl\/www\/wp-json\/wp\/v2\/posts\/1","targetHints":{"allow":["GET"]}}],"collection":[{"href":"https:\/\/darsa.pl\/www\/wp-json\/wp\/v2\/posts"}],"about":[{"href":"https:\/\/darsa.pl\/www\/wp-json\/wp\/v2\/types\/post"}],"author":[{"embeddable":true,"href":"https:\/\/darsa.pl\/www\/wp-json\/wp\/v2\/users\/1"}],"replies":[{"embeddable":true,"href":"https:\/\/darsa.pl\/www\/wp-json\/wp\/v2\/comments?post=1"}],"version-history":[{"count":5,"href":"https:\/\/darsa.pl\/www\/wp-json\/wp\/v2\/posts\/1\/revisions"}],"predecessor-version":[{"id":812,"href":"https:\/\/darsa.pl\/www\/wp-json\/wp\/v2\/posts\/1\/revisions\/812"}],"wp:attachment":[{"href":"https:\/\/darsa.pl\/www\/wp-json\/wp\/v2\/media?parent=1"}],"wp:term":[{"taxonomy":"category","embeddable":true,"href":"https:\/\/darsa.pl\/www\/wp-json\/wp\/v2\/categories?post=1"},{"taxonomy":"post_tag","embeddable":true,"href":"https:\/\/darsa.pl\/www\/wp-json\/wp\/v2\/tags?post=1"}],"curies":[{"name":"wp","href":"https:\/\/api.w.org\/{rel}","templated":true}]}}